{"id":5381,"date":"2012-04-10T19:54:07","date_gmt":"2012-04-10T17:54:07","guid":{"rendered":"http:\/\/www.thesignspeaking.com\/?p=5381"},"modified":"2018-06-06T17:57:49","modified_gmt":"2018-06-06T15:57:49","slug":"envision-of-you-vision-of-the-future","status":"publish","type":"post","link":"https:\/\/www.thesignspeaking.com\/it\/envision-of-you-vision-of-the-future\/","title":{"rendered":"Vision of You, vision of the future"},"content":{"rendered":"<span class=\"cb-itemprop\" itemprop=\"reviewBody\"><p><a style=\"font-size: 15px; line-height: 1.45em;\" href=\"http:\/\/www.visionofyou.it\/\" target=\"_blank\" rel=\"noopener\">Vision of You <\/a><span style=\"font-size: 15px; line-height: 1.45em; background-color: #ffffff;\">\u00a0<\/span>\u00e8 innanzitutto un nuovo concept per il corpo e l\u2019anima prima che un gruppo di aziende che si fa portatore di innovazione, con l\u2019attenzione per il futuro che li ha resi protagonisti del Green Village del Superstudio 13 durante il Fuorisalone 2014.<\/p>\n<p>Sugli esempi della sostenibilit\u00e0 e rinnovabilit\u00e0 cos\u00ec cari al design degli ultimi 10 anni, ViU ha creato un modus vivendi consapevole e responsabile, all\u2019insegna del monito \u201cil futuro \u00e8 gi\u00e0 intorno a noi\u201d.<\/p>\n<p>Sulla scia dorata della precedente edizione, il collettivo di architetti, designer ed esperti di comunicazione ha inaugurato le Conversazioni Consapevoli: un ciclo di seminari ospiti della Biblioteca Umanistica dell\u2019Incoronata di Milano coordinati da Fortunato D\u2019Amico e Fiammetta Parola. Tra le suggestive colonne del XV secolo l\u2019allestimento racconta un nuovo modo di vivere la casa, gli oggetti e gli spazi ispirato ai principi Vastu, l\u2019antica tradizione indovedica dell\u2019abitare. Il concetto chiave delle conferenze ruota intorno a una riflessione sul ben-essere non basata esclusivamente sul reddito ma legata alla possibilit\u00e0 di scegliere a pieno cosa essere, dove vivere e come.<\/p>\n<p>E\u2019 stata cos\u00ec offerta ad ospiti e operatori di settore un\u2019alternativa di crescita intelligente ma soprattutto sostenibile, basata sulla possibilit\u00e0 di riportare l\u2019uomo e la natura al centro dei propri intenti e iniziando da adesso a progettare la vita del domani attraverso un modello di vita consapevole e la creazione di uno spazio condiviso.<\/p>\n<\/span>","protected":false},"excerpt":{"rendered":"<p>Vision of You \u00a0\u00e8 innanzitutto un nuovo concept per il corpo e l\u2019anima prima che un gruppo di aziende che si fa portatore di innovazione, con l\u2019attenzione per il futuro che li ha resi protagonisti del Green Village del Superstudio 13 durante il Fuorisalone 2014. Sugli esempi della sostenibilit\u00e0 e rinnovabilit\u00e0 cos\u00ec cari al design [&hellip;]<\/p>\n","protected":false},"author":3,"featured_media":0,"comment_status":"closed","ping_status":"open","sticky":false,"template":"","format":"standard","meta":[],"categories":[7],"tags":[],"_links":{"self":[{"href":"https:\/\/www.thesignspeaking.com\/it\/wp-json\/wp\/v2\/posts\/5381"}],"collection":[{"href":"https:\/\/www.thesignspeaking.com\/it\/wp-json\/wp\/v2\/posts"}],"about":[{"href":"https:\/\/www.thesignspeaking.com\/it\/wp-json\/wp\/v2\/types\/post"}],"author":[{"embeddable":true,"href":"https:\/\/www.thesignspeaking.com\/it\/wp-json\/wp\/v2\/users\/3"}],"replies":[{"embeddable":true,"href":"https:\/\/www.thesignspeaking.com\/it\/wp-json\/wp\/v2\/comments?post=5381"}],"version-history":[{"count":0,"href":"https:\/\/www.thesignspeaking.com\/it\/wp-json\/wp\/v2\/posts\/5381\/revisions"}],"wp:attachment":[{"href":"https:\/\/www.thesignspeaking.com\/it\/wp-json\/wp\/v2\/media?parent=5381"}],"wp:term":[{"taxonomy":"category","embeddable":true,"href":"https:\/\/www.thesignspeaking.com\/it\/wp-json\/wp\/v2\/categories?post=5381"},{"taxonomy":"post_tag","embeddable":true,"href":"https:\/\/www.thesignspeaking.com\/it\/wp-json\/wp\/v2\/tags?post=5381"}],"curies":[{"name":"wp","href":"https:\/\/api.w.org\/{rel}","templated":true}]}}