{"id":5390,"date":"2015-02-17T19:54:10","date_gmt":"2015-02-17T18:54:10","guid":{"rendered":"http:\/\/www.thesignspeaking.com\/?p=5390"},"modified":"2018-06-06T17:32:48","modified_gmt":"2018-06-06T15:32:48","slug":"enbelgium-is-design-belgian-creativity-in-milan","status":"publish","type":"post","link":"https:\/\/www.thesignspeaking.com\/it\/enbelgium-is-design-belgian-creativity-in-milan\/","title":{"rendered":"BELGIUM IS DESIGN. BELGIAN CREATIVITY IN MILAN"},"content":{"rendered":"<span class=\"cb-itemprop\" itemprop=\"reviewBody\"><p>Quando il design diventa il protagonista di Milano, durante i giorni del Salone del Mobile, le nuove proposte sono sempre una risorsa, e non solo quelle italiane. Il Belgio ha prodotto, negli ultimi anni, alcuni tra gli esempi di design pi\u00f9 interessanti, e nel 2015 conferma la propria presenza a Milano con Belgium is Design. Due gli appuntamenti, in due luoghi della citt\u00e0 espressione della creativit\u00e0 dei pi\u00f9 giovani: la mostra, all\u2019Accademia di Belle Arti di Brera e l\u2019installazione Confronting the Masters al Salone Satellite. All\u2019Accademia, a dialogare con le opere d\u2019arte e di studio dei grandi Maestri, ci saranno i progetti dei dieci designer vincitori del premio Designer of the Year, indetto ogni anno, dal 2006. Al Salone invece, nella sezione speciale Salone Satellite, Belgium is Design \u00e8 la cornice sotto la quale esporranno i propri progetti sei giovani designer e studi selezionati. Una cultura del progetto propriamente belga che se da un lato \u00e8 volta a promuovere le giovani promesse del design, dall\u2019altra continua a sostenere i nomi dei progettisti che si sono distinti e hanno contribuito all\u2019affermazione del design belga nel mondo. Sapremo fare altrettanto?<img decoding=\"async\" class=\"alignnone size-full wp-image-9465\" src=\"http:\/\/www.thesignspeaking.com\/wp-content\/uploads\/2015\/02\/belgium-is-design_designspeaking-1.jpg\" alt=\"\" width=\"1000\" height=\"750\" srcset=\"https:\/\/www.thesignspeaking.com\/wp-content\/uploads\/2015\/02\/belgium-is-design_designspeaking-1.jpg 1000w, https:\/\/www.thesignspeaking.com\/wp-content\/uploads\/2015\/02\/belgium-is-design_designspeaking-1-300x225.jpg 300w, https:\/\/www.thesignspeaking.com\/wp-content\/uploads\/2015\/02\/belgium-is-design_designspeaking-1-768x576.jpg 768w\" sizes=\"(max-width: 1000px) 100vw, 1000px\" \/> <img decoding=\"async\" class=\"alignnone size-large wp-image-9466\" src=\"http:\/\/www.thesignspeaking.com\/wp-content\/uploads\/2015\/02\/belgium-is-design_designspeaking-5-683x1024.jpg\" alt=\"\" width=\"683\" height=\"1024\" srcset=\"https:\/\/www.thesignspeaking.com\/wp-content\/uploads\/2015\/02\/belgium-is-design_designspeaking-5-683x1024.jpg 683w, https:\/\/www.thesignspeaking.com\/wp-content\/uploads\/2015\/02\/belgium-is-design_designspeaking-5-200x300.jpg 200w, https:\/\/www.thesignspeaking.com\/wp-content\/uploads\/2015\/02\/belgium-is-design_designspeaking-5-768x1152.jpg 768w, https:\/\/www.thesignspeaking.com\/wp-content\/uploads\/2015\/02\/belgium-is-design_designspeaking-5.jpg 1000w\" sizes=\"(max-width: 683px) 100vw, 683px\" \/> <img decoding=\"async\" class=\"alignnone size-full wp-image-9467\" src=\"http:\/\/www.thesignspeaking.com\/wp-content\/uploads\/2015\/02\/belgium-is-design_designspeaking-3.jpg\" alt=\"\" width=\"1000\" height=\"717\" srcset=\"https:\/\/www.thesignspeaking.com\/wp-content\/uploads\/2015\/02\/belgium-is-design_designspeaking-3.jpg 1000w, https:\/\/www.thesignspeaking.com\/wp-content\/uploads\/2015\/02\/belgium-is-design_designspeaking-3-300x215.jpg 300w, https:\/\/www.thesignspeaking.com\/wp-content\/uploads\/2015\/02\/belgium-is-design_designspeaking-3-768x551.jpg 768w\" sizes=\"(max-width: 1000px) 100vw, 1000px\" \/><\/p>\n<div id=\"attachment_9468\" style=\"width: 750px\"  class=\"wp-caption alignnone\"><img decoding=\"async\" class=\"size-large wp-image-9468\" src=\"http:\/\/www.thesignspeaking.com\/wp-content\/uploads\/2015\/02\/belgium-is-design_designspeaking-4-740x1024.jpg\" alt=\"\" width=\"740\" height=\"1024\" srcset=\"https:\/\/www.thesignspeaking.com\/wp-content\/uploads\/2015\/02\/belgium-is-design_designspeaking-4-740x1024.jpg 740w, https:\/\/www.thesignspeaking.com\/wp-content\/uploads\/2015\/02\/belgium-is-design_designspeaking-4-217x300.jpg 217w, https:\/\/www.thesignspeaking.com\/wp-content\/uploads\/2015\/02\/belgium-is-design_designspeaking-4-768x1063.jpg 768w, https:\/\/www.thesignspeaking.com\/wp-content\/uploads\/2015\/02\/belgium-is-design_designspeaking-4.jpg 1000w\" sizes=\"(max-width: 740px) 100vw, 740px\" \/><p class=\"wp-caption-text\">Capture One Session14312.tif<\/p><\/div>\n<p><img decoding=\"async\" class=\"alignnone size-large wp-image-9469\" src=\"http:\/\/www.thesignspeaking.com\/wp-content\/uploads\/2015\/02\/belgium-is-design_designspeaking-6-683x1024.jpg\" alt=\"\" width=\"683\" height=\"1024\" srcset=\"https:\/\/www.thesignspeaking.com\/wp-content\/uploads\/2015\/02\/belgium-is-design_designspeaking-6-683x1024.jpg 683w, https:\/\/www.thesignspeaking.com\/wp-content\/uploads\/2015\/02\/belgium-is-design_designspeaking-6-200x300.jpg 200w, https:\/\/www.thesignspeaking.com\/wp-content\/uploads\/2015\/02\/belgium-is-design_designspeaking-6-768x1152.jpg 768w, https:\/\/www.thesignspeaking.com\/wp-content\/uploads\/2015\/02\/belgium-is-design_designspeaking-6.jpg 1000w\" sizes=\"(max-width: 683px) 100vw, 683px\" \/> <img decoding=\"async\" class=\"alignnone size-large wp-image-9470\" src=\"http:\/\/www.thesignspeaking.com\/wp-content\/uploads\/2015\/02\/belgium-is-design_designspeaking-8-683x1024.jpg\" alt=\"\" width=\"683\" height=\"1024\" srcset=\"https:\/\/www.thesignspeaking.com\/wp-content\/uploads\/2015\/02\/belgium-is-design_designspeaking-8-683x1024.jpg 683w, https:\/\/www.thesignspeaking.com\/wp-content\/uploads\/2015\/02\/belgium-is-design_designspeaking-8-200x300.jpg 200w, https:\/\/www.thesignspeaking.com\/wp-content\/uploads\/2015\/02\/belgium-is-design_designspeaking-8-768x1151.jpg 768w, https:\/\/www.thesignspeaking.com\/wp-content\/uploads\/2015\/02\/belgium-is-design_designspeaking-8.jpg 1000w\" sizes=\"(max-width: 683px) 100vw, 683px\" \/> <img decoding=\"async\" class=\"alignnone size-full wp-image-9471\" src=\"http:\/\/www.thesignspeaking.com\/wp-content\/uploads\/2015\/02\/belgium-is-design_designspeaking.jpg\" alt=\"\" width=\"1000\" height=\"718\" srcset=\"https:\/\/www.thesignspeaking.com\/wp-content\/uploads\/2015\/02\/belgium-is-design_designspeaking.jpg 1000w, https:\/\/www.thesignspeaking.com\/wp-content\/uploads\/2015\/02\/belgium-is-design_designspeaking-300x215.jpg 300w, https:\/\/www.thesignspeaking.com\/wp-content\/uploads\/2015\/02\/belgium-is-design_designspeaking-768x551.jpg 768w\" sizes=\"(max-width: 1000px) 100vw, 1000px\" \/> <img decoding=\"async\" class=\"alignnone size-full wp-image-9472\" src=\"http:\/\/www.thesignspeaking.com\/wp-content\/uploads\/2015\/02\/belgium-is-design_designspeaking-2.jpg\" alt=\"\" width=\"1000\" height=\"600\" srcset=\"https:\/\/www.thesignspeaking.com\/wp-content\/uploads\/2015\/02\/belgium-is-design_designspeaking-2.jpg 1000w, https:\/\/www.thesignspeaking.com\/wp-content\/uploads\/2015\/02\/belgium-is-design_designspeaking-2-300x180.jpg 300w, https:\/\/www.thesignspeaking.com\/wp-content\/uploads\/2015\/02\/belgium-is-design_designspeaking-2-768x461.jpg 768w\" sizes=\"(max-width: 1000px) 100vw, 1000px\" \/> <img decoding=\"async\" class=\"alignnone size-full wp-image-9473\" src=\"http:\/\/www.thesignspeaking.com\/wp-content\/uploads\/2015\/02\/belgium-is-design_designspeaking-7.jpg\" alt=\"\" width=\"1000\" height=\"625\" srcset=\"https:\/\/www.thesignspeaking.com\/wp-content\/uploads\/2015\/02\/belgium-is-design_designspeaking-7.jpg 1000w, https:\/\/www.thesignspeaking.com\/wp-content\/uploads\/2015\/02\/belgium-is-design_designspeaking-7-300x188.jpg 300w, https:\/\/www.thesignspeaking.com\/wp-content\/uploads\/2015\/02\/belgium-is-design_designspeaking-7-768x480.jpg 768w\" sizes=\"(max-width: 1000px) 100vw, 1000px\" \/><\/p>\n<\/span>","protected":false},"excerpt":{"rendered":"<p>Quando il design diventa il protagonista di Milano, durante i giorni del Salone del Mobile, le nuove proposte sono sempre una risorsa, e non solo quelle italiane. Il Belgio ha prodotto, negli ultimi anni, alcuni tra gli esempi di design pi\u00f9 interessanti, e nel 2015 conferma la propria presenza a Milano con Belgium is Design. [&hellip;]<\/p>\n","protected":false},"author":3,"featured_media":9465,"comment_status":"closed","ping_status":"open","sticky":false,"template":"","format":"standard","meta":[],"categories":[7,24],"tags":[],"_links":{"self":[{"href":"https:\/\/www.thesignspeaking.com\/it\/wp-json\/wp\/v2\/posts\/5390"}],"collection":[{"href":"https:\/\/www.thesignspeaking.com\/it\/wp-json\/wp\/v2\/posts"}],"about":[{"href":"https:\/\/www.thesignspeaking.com\/it\/wp-json\/wp\/v2\/types\/post"}],"author":[{"embeddable":true,"href":"https:\/\/www.thesignspeaking.com\/it\/wp-json\/wp\/v2\/users\/3"}],"replies":[{"embeddable":true,"href":"https:\/\/www.thesignspeaking.com\/it\/wp-json\/wp\/v2\/comments?post=5390"}],"version-history":[{"count":0,"href":"https:\/\/www.thesignspeaking.com\/it\/wp-json\/wp\/v2\/posts\/5390\/revisions"}],"wp:featuredmedia":[{"embeddable":true,"href":"https:\/\/www.thesignspeaking.com\/it\/wp-json\/wp\/v2\/media\/9465"}],"wp:attachment":[{"href":"https:\/\/www.thesignspeaking.com\/it\/wp-json\/wp\/v2\/media?parent=5390"}],"wp:term":[{"taxonomy":"category","embeddable":true,"href":"https:\/\/www.thesignspeaking.com\/it\/wp-json\/wp\/v2\/categories?post=5390"},{"taxonomy":"post_tag","embeddable":true,"href":"https:\/\/www.thesignspeaking.com\/it\/wp-json\/wp\/v2\/tags?post=5390"}],"curies":[{"name":"wp","href":"https:\/\/api.w.org\/{rel}","templated":true}]}}