{"id":5472,"date":"2014-02-06T19:54:39","date_gmt":"2014-02-06T18:54:39","guid":{"rendered":"http:\/\/www.thesignspeaking.com\/?p=5472"},"modified":"2018-06-06T14:25:53","modified_gmt":"2018-06-06T12:25:53","slug":"enreturn-to-the-very-beginning-re-fire-by-francesco-faccin","status":"publish","type":"post","link":"https:\/\/www.thesignspeaking.com\/it\/enreturn-to-the-very-beginning-re-fire-by-francesco-faccin\/","title":{"rendered":"RETURN TO THE VERY BEGINNING: RE-FIRE BY FRANCESCO FACCIN"},"content":{"rendered":"<span class=\"cb-itemprop\" itemprop=\"reviewBody\"><p><i>Re-Fire.<\/i>\u00a0Il progetto del designer Francesco Faccin commissionato da Tempo Italiano, il primo festival dedicato alla creativit\u00e0 e al progetto italiano a Stoccolma, in occasione della Stockholm Design Week che ha luogo in questi giorni. L\u2019invito di Tempo Italiano era quello di riflettere sul tempo attuale e passato del design, e sul ritorno all\u2019origine dei veri bisogni e all\u2019azione all\u2019interno di sistemi di valore sostenibili. A questo tema Faccin risponde in maniera provocatoria, tornando davvero all\u2019inizio dell\u2019inizio e progettando <i>Re-Fire<\/i>, un kit per accendere il fuoco con le proprie mani che prende spunto dai sistemi usati dagli uomini primitivi. Funziona per frizione tra due legni di essenze diverse, uno duro e l\u2019altro tenero, che permette in pochi secondi di creare una cenere incandescente. Questa innesca la combustione di un\u2019esca (un materiale secco e altamente infiammabile) e il fuoco si accende. Un processo per cui ogni singolo elemento \u00e8 fondamentale, e che grazie all\u2019apporto manuale viene attivato. Progetto che va a farsi simbolo dunque di un vero e proprio ritorno alle origini, della creazione di qualcosa da parte dell\u2019uomo perch\u00e9 non esiste in natura e quindi espressione delle sue capacit\u00e0 intuitive e manuali, che lo portano a realizzare ci\u00f2 che non c\u2019\u00e8 e di cui ha realmente bisogno.<\/p>\n<\/span>","protected":false},"excerpt":{"rendered":"<p>Re-Fire.\u00a0Il progetto del designer Francesco Faccin commissionato da Tempo Italiano, il primo festival dedicato alla creativit\u00e0 e al progetto italiano a Stoccolma, in occasione della Stockholm Design Week che ha luogo in questi giorni. L\u2019invito di Tempo Italiano era quello di riflettere sul tempo attuale e passato del design, e sul ritorno all\u2019origine dei veri [&hellip;]<\/p>\n","protected":false},"author":3,"featured_media":0,"comment_status":"closed","ping_status":"open","sticky":false,"template":"","format":"standard","meta":[],"categories":[7],"tags":[],"_links":{"self":[{"href":"https:\/\/www.thesignspeaking.com\/it\/wp-json\/wp\/v2\/posts\/5472"}],"collection":[{"href":"https:\/\/www.thesignspeaking.com\/it\/wp-json\/wp\/v2\/posts"}],"about":[{"href":"https:\/\/www.thesignspeaking.com\/it\/wp-json\/wp\/v2\/types\/post"}],"author":[{"embeddable":true,"href":"https:\/\/www.thesignspeaking.com\/it\/wp-json\/wp\/v2\/users\/3"}],"replies":[{"embeddable":true,"href":"https:\/\/www.thesignspeaking.com\/it\/wp-json\/wp\/v2\/comments?post=5472"}],"version-history":[{"count":0,"href":"https:\/\/www.thesignspeaking.com\/it\/wp-json\/wp\/v2\/posts\/5472\/revisions"}],"wp:attachment":[{"href":"https:\/\/www.thesignspeaking.com\/it\/wp-json\/wp\/v2\/media?parent=5472"}],"wp:term":[{"taxonomy":"category","embeddable":true,"href":"https:\/\/www.thesignspeaking.com\/it\/wp-json\/wp\/v2\/categories?post=5472"},{"taxonomy":"post_tag","embeddable":true,"href":"https:\/\/www.thesignspeaking.com\/it\/wp-json\/wp\/v2\/tags?post=5472"}],"curies":[{"name":"wp","href":"https:\/\/api.w.org\/{rel}","templated":true}]}}