{"id":5517,"date":"2014-02-18T19:54:48","date_gmt":"2014-02-18T18:54:48","guid":{"rendered":"http:\/\/www.thesignspeaking.com\/?p=5517"},"modified":"2018-06-06T13:34:44","modified_gmt":"2018-06-06T11:34:44","slug":"endesign-week-news-from-domitalia","status":"publish","type":"post","link":"https:\/\/www.thesignspeaking.com\/it\/endesign-week-news-from-domitalia\/","title":{"rendered":"DESIGN WEEK NEWS FROM DOMITALIA"},"content":{"rendered":"<span class=\"cb-itemprop\" itemprop=\"reviewBody\"><p>\u00c8 in arrivo la Milan Design Week, e le novit\u00e0 non tardano a farsi sentire. L\u2019azienda friulana Domitalia, specializzata nella produzione di sedute, tavoli e complementi d\u2019arredo, presenter\u00e0 ad aprile dei nuovi pezzi, realizzati sotto la direzione artistica di Andrea Radice e Folco Orlandini, originali e innovativi, giocando con colori, materiali e finiture.<\/p>\n<p><i>Traffic<\/i> \u00e8 una sedia dall\u2019interessante caratteristica della dinamicit\u00e0: \u00e8 leggera, facile da produrre e soprattutto cambia veste molto in fretta. \u00c8 infatti un vero e proprio sistema di sedute in cui i diversi telai disponibili possono essere abbinati alle scocche in plastica colorata o a quelle imbottite e rivestite in tessuto. Si accompagna benissimo a <i>Cross<\/i>, una linea di tavolini con piano in laminato plastico e struttura in metallo colorato. La particolarit\u00e0 sta nel telaio che, anzich\u00e9 rimanere sotto al piano come sempre, lo attraversa affiorando in superficie. <i>Urban<\/i> \u00e8 invece un\u2019intera famiglia di complementi: appendiabiti, libreria, lampade, tavoli, sedute e pannelli che vanno a delineare un ambiente domestico variegato ma sempre omogeneo grazie all\u2019uso dei materiali. Infatti tutti sono accumunati dal <i>fil rouge<\/i> della base in calcestruzzo, lasciato \u201cnudo\u201d per metterne in luce le sfumature, le incoerenze e le imperfezioni, che lo rendono unico e speciale. Un\u2019altra novit\u00e0 \u00e8 <i>Opera<\/i>, una poltroncina da soggiorno rivestita in tessuto o pelle su richiesta. Si pone come il punto di incontro fra le linee, di richiamo classico, e gli spessori e le proporzioni propri delle moderne sedute. Completa il panorama domestico <i>Report<\/i>, tavolo allungabile da soggiorno e cucina con struttura metallica e top in cristallo, ispirato ai vecchi tavoli da cucina con i cassetti portaoggetti. In questo caso il cassetto viene ridotto all\u2019essenzialit\u00e0 della sua funzione e trasformato in un piccolo vano contenitore posto alle due estremit\u00e0 del tavolo.<\/p>\n<\/span>","protected":false},"excerpt":{"rendered":"<p>\u00c8 in arrivo la Milan Design Week, e le novit\u00e0 non tardano a farsi sentire. L\u2019azienda friulana Domitalia, specializzata nella produzione di sedute, tavoli e complementi d\u2019arredo, presenter\u00e0 ad aprile dei nuovi pezzi, realizzati sotto la direzione artistica di Andrea Radice e Folco Orlandini, originali e innovativi, giocando con colori, materiali e finiture. Traffic \u00e8 [&hellip;]<\/p>\n","protected":false},"author":3,"featured_media":0,"comment_status":"closed","ping_status":"open","sticky":false,"template":"","format":"standard","meta":[],"categories":[7],"tags":[],"_links":{"self":[{"href":"https:\/\/www.thesignspeaking.com\/it\/wp-json\/wp\/v2\/posts\/5517"}],"collection":[{"href":"https:\/\/www.thesignspeaking.com\/it\/wp-json\/wp\/v2\/posts"}],"about":[{"href":"https:\/\/www.thesignspeaking.com\/it\/wp-json\/wp\/v2\/types\/post"}],"author":[{"embeddable":true,"href":"https:\/\/www.thesignspeaking.com\/it\/wp-json\/wp\/v2\/users\/3"}],"replies":[{"embeddable":true,"href":"https:\/\/www.thesignspeaking.com\/it\/wp-json\/wp\/v2\/comments?post=5517"}],"version-history":[{"count":0,"href":"https:\/\/www.thesignspeaking.com\/it\/wp-json\/wp\/v2\/posts\/5517\/revisions"}],"wp:attachment":[{"href":"https:\/\/www.thesignspeaking.com\/it\/wp-json\/wp\/v2\/media?parent=5517"}],"wp:term":[{"taxonomy":"category","embeddable":true,"href":"https:\/\/www.thesignspeaking.com\/it\/wp-json\/wp\/v2\/categories?post=5517"},{"taxonomy":"post_tag","embeddable":true,"href":"https:\/\/www.thesignspeaking.com\/it\/wp-json\/wp\/v2\/tags?post=5517"}],"curies":[{"name":"wp","href":"https:\/\/api.w.org\/{rel}","templated":true}]}}