{"id":5522,"date":"2014-02-13T19:54:48","date_gmt":"2014-02-13T18:54:48","guid":{"rendered":"http:\/\/www.thesignspeaking.com\/?p=5522"},"modified":"2018-06-06T13:31:23","modified_gmt":"2018-06-06T11:31:23","slug":"enaloof-a-new-series-of-bonaveris-beauties","status":"publish","type":"post","link":"https:\/\/www.thesignspeaking.com\/it\/enaloof-a-new-series-of-bonaveris-beauties\/","title":{"rendered":"ALOOF: A NEW SERIES OF BONAVERI\u2019S BEAUTIES"},"content":{"rendered":"<span class=\"cb-itemprop\" itemprop=\"reviewBody\"><p>Si chiama <i>Aloof<\/i> la nuova collezione di manichini che l\u2019azienda leader nel settore Bonaveri presenter\u00e0 all\u2019Euroshop 2014, la fiera triennale sul mondo del retail e del visual merchandising, a Dusseldorf dal 16 al 20 Febbraio. Questa nuova linea, realizzata in collaborazione con Emma Davidge, parte dallo studio delle collezioni d\u2019archivio della serie <i>Schlappi<\/i> degli anni sessanta, caratterizzata da figure con dita e arti particolarmente allungati, pose esagerate e una pronunciata inclinazione del collo. A queste silhouettes la Davidge ha aggiunto femminilit\u00e0 e dolcezza degli atteggiamenti, riprendendo l\u2019estetica tipica delle modelle che sfilavano negli atelier degli anni \u201950, e ispirandosi al lavoro di maestri della fotografia come Cecil Beaton e Richard Avedon. Il risultato \u00e8 una figura teatrale, ricca di espressivit\u00e0 e con l\u2019importante caratteristica della versatilit\u00e0: l\u2019altezza, la fluidit\u00e0 e l\u2019eleganza senza tempo rendono <i>Aloof<\/i> ideale per la <i>haute couture<\/i> cos\u00ec come le sue perfette proporzioni e vestibilit\u00e0 sono adatte al <i>pr\u00eat a porter<\/i>.<\/p>\n<p>Le 8 figure di <i>Aloof <\/i>da sole si distinguono per una forte presenza scenica, ma usate nel loro insieme sono pensate per creare dialoghi tra pose, offrendo al visual e allo stilista la possibilit\u00e0 di creare ogni volta una nuova storia. La presentazione di Dusseldorf, che avverr\u00e0 nello showroom Bonaveri, sar\u00e0 la prima tappa del progetto <i>The Journey<\/i>, dedicato a portare le creazioni Bonaveri in mostra nelle capitali della moda lungo tutto il 2014.<\/p>\n<\/span>","protected":false},"excerpt":{"rendered":"<p>Si chiama Aloof la nuova collezione di manichini che l\u2019azienda leader nel settore Bonaveri presenter\u00e0 all\u2019Euroshop 2014, la fiera triennale sul mondo del retail e del visual merchandising, a Dusseldorf dal 16 al 20 Febbraio. Questa nuova linea, realizzata in collaborazione con Emma Davidge, parte dallo studio delle collezioni d\u2019archivio della serie Schlappi degli anni [&hellip;]<\/p>\n","protected":false},"author":3,"featured_media":0,"comment_status":"closed","ping_status":"open","sticky":false,"template":"","format":"standard","meta":[],"categories":[4],"tags":[],"_links":{"self":[{"href":"https:\/\/www.thesignspeaking.com\/it\/wp-json\/wp\/v2\/posts\/5522"}],"collection":[{"href":"https:\/\/www.thesignspeaking.com\/it\/wp-json\/wp\/v2\/posts"}],"about":[{"href":"https:\/\/www.thesignspeaking.com\/it\/wp-json\/wp\/v2\/types\/post"}],"author":[{"embeddable":true,"href":"https:\/\/www.thesignspeaking.com\/it\/wp-json\/wp\/v2\/users\/3"}],"replies":[{"embeddable":true,"href":"https:\/\/www.thesignspeaking.com\/it\/wp-json\/wp\/v2\/comments?post=5522"}],"version-history":[{"count":0,"href":"https:\/\/www.thesignspeaking.com\/it\/wp-json\/wp\/v2\/posts\/5522\/revisions"}],"wp:attachment":[{"href":"https:\/\/www.thesignspeaking.com\/it\/wp-json\/wp\/v2\/media?parent=5522"}],"wp:term":[{"taxonomy":"category","embeddable":true,"href":"https:\/\/www.thesignspeaking.com\/it\/wp-json\/wp\/v2\/categories?post=5522"},{"taxonomy":"post_tag","embeddable":true,"href":"https:\/\/www.thesignspeaking.com\/it\/wp-json\/wp\/v2\/tags?post=5522"}],"curies":[{"name":"wp","href":"https:\/\/api.w.org\/{rel}","templated":true}]}}