{"id":5549,"date":"2014-05-12T19:54:54","date_gmt":"2014-05-12T17:54:54","guid":{"rendered":"http:\/\/www.thesignspeaking.com\/?p=5549"},"modified":"2018-06-06T12:47:04","modified_gmt":"2018-06-06T10:47:04","slug":"enmabile-the-social-design-kitchen","status":"publish","type":"post","link":"https:\/\/www.thesignspeaking.com\/it\/enmabile-the-social-design-kitchen\/","title":{"rendered":"MABILE: THE SOCIAL DESIGN KITCHEN"},"content":{"rendered":"<span class=\"cb-itemprop\" itemprop=\"reviewBody\"><p>Un lato positivo del design \u00e8 senz\u2019altro quello di dedicarsi, talvolta, a progetti dedicati a chi \u00e8 colpito da disabilit\u00e0, cercando di trasformare il limite in uno spunto creativo per idee innovative. La cucina, locale funzionale per eccellenza, \u00e8 sicuramente terreno fertile per questo tipo di sperimentazioni, ed \u00e8 lo spazio che Rita Scarpinato e Sergio Destro hanno scelto di adeguare alla disabilit\u00e0 disegnando <i>Mabile<\/i>: una cucina pensata per poter svolgere in totale autonomia tutte le attivit\u00e0 che appartengono all\u2019ambiente culinario. Il movimento \u00e8 insito nel progetto, dove i diversi moduli riconfigurano il posizionamento degli elettrodomestici. Essa inoltre pu\u00f2 essere chiusa come un baule, consentendo un agile spostamento all\u2019interno della casa stessa o nell\u2019eventualit\u00e0 di un trasloco. Colorata e moderna, Mabile si pu\u00f2 porre nel panorama abitativo anche di chi disabile non \u00e8, rivedendone la concezione statica in virt\u00f9 di una dinamica e fresca.<\/p>\n<\/span>","protected":false},"excerpt":{"rendered":"<p>Un lato positivo del design \u00e8 senz\u2019altro quello di dedicarsi, talvolta, a progetti dedicati a chi \u00e8 colpito da disabilit\u00e0, cercando di trasformare il limite in uno spunto creativo per idee innovative. La cucina, locale funzionale per eccellenza, \u00e8 sicuramente terreno fertile per questo tipo di sperimentazioni, ed \u00e8 lo spazio che Rita Scarpinato e [&hellip;]<\/p>\n","protected":false},"author":3,"featured_media":0,"comment_status":"closed","ping_status":"open","sticky":false,"template":"","format":"standard","meta":[],"categories":[11,24],"tags":[],"_links":{"self":[{"href":"https:\/\/www.thesignspeaking.com\/it\/wp-json\/wp\/v2\/posts\/5549"}],"collection":[{"href":"https:\/\/www.thesignspeaking.com\/it\/wp-json\/wp\/v2\/posts"}],"about":[{"href":"https:\/\/www.thesignspeaking.com\/it\/wp-json\/wp\/v2\/types\/post"}],"author":[{"embeddable":true,"href":"https:\/\/www.thesignspeaking.com\/it\/wp-json\/wp\/v2\/users\/3"}],"replies":[{"embeddable":true,"href":"https:\/\/www.thesignspeaking.com\/it\/wp-json\/wp\/v2\/comments?post=5549"}],"version-history":[{"count":0,"href":"https:\/\/www.thesignspeaking.com\/it\/wp-json\/wp\/v2\/posts\/5549\/revisions"}],"wp:attachment":[{"href":"https:\/\/www.thesignspeaking.com\/it\/wp-json\/wp\/v2\/media?parent=5549"}],"wp:term":[{"taxonomy":"category","embeddable":true,"href":"https:\/\/www.thesignspeaking.com\/it\/wp-json\/wp\/v2\/categories?post=5549"},{"taxonomy":"post_tag","embeddable":true,"href":"https:\/\/www.thesignspeaking.com\/it\/wp-json\/wp\/v2\/tags?post=5549"}],"curies":[{"name":"wp","href":"https:\/\/api.w.org\/{rel}","templated":true}]}}