{"id":5555,"date":"2014-05-09T19:54:54","date_gmt":"2014-05-09T17:54:54","guid":{"rendered":"http:\/\/www.thesignspeaking.com\/?p=5555"},"modified":"2018-06-06T12:44:47","modified_gmt":"2018-06-06T10:44:47","slug":"enthe-human-side-of-design-lucy-salamancas-pure","status":"publish","type":"post","link":"https:\/\/www.thesignspeaking.com\/it\/enthe-human-side-of-design-lucy-salamancas-pure\/","title":{"rendered":"THE HUMAN SIDE OF DESIGN: LUCY SALAMANCA\u2019S PURE"},"content":{"rendered":"<span class=\"cb-itemprop\" itemprop=\"reviewBody\"><p>\u00c8 ormai forse obsoleto pensare al design relegandolo alla sfera del prodotto, \u00e8 sicuramente contemporaneo pensarlo invece come uno stile di vita completo, che abbraccia gli ambiti pi\u00f9 svariati in un ampio contesto ideologico. E fra i valori che il Salone del Mobile 2014 ha evidenziato c\u2019\u00e8 senz\u2019altro la riscoperta della terra e della vita semplice, in un\u2019idea generale di ritorno alla componente umana, sia nel design che in altri campi. Segue questo filone il design di Lucy Salamanca, in mostra con <i>Pure<\/i>: un percorso di interazioni tra natura, materie, territori, cibo e design. All\u2019evento il visitatore ha attraversato strade in cui l\u2019estetica si \u00e8 trasformata in materia e sensazione, una library emozionale che ha presentato il bello e il gusto in un modo dinamico e in una scala accessibile, nell\u2019ottica della piacevolezza dei sensi estetici e interiori. Ecco che allora la struttura diventa multidimensionale, mixando linguaggi e costruzioni di sapori, artigiani e agricoltori: il legno viene associato al gusto del pomodoro emiliano, l\u2019olio d\u2019oliva alla pietra leccese; la matericit\u00e0 della pasta si accosta a quella del porfido trentino, il miele marchigiano al gres e le farine di grano pugliese si materializzano in tendaggi di tessuto grezzo.<\/p>\n<\/span>","protected":false},"excerpt":{"rendered":"<p>\u00c8 ormai forse obsoleto pensare al design relegandolo alla sfera del prodotto, \u00e8 sicuramente contemporaneo pensarlo invece come uno stile di vita completo, che abbraccia gli ambiti pi\u00f9 svariati in un ampio contesto ideologico. E fra i valori che il Salone del Mobile 2014 ha evidenziato c\u2019\u00e8 senz\u2019altro la riscoperta della terra e della vita [&hellip;]<\/p>\n","protected":false},"author":3,"featured_media":0,"comment_status":"closed","ping_status":"open","sticky":false,"template":"","format":"standard","meta":[],"categories":[7],"tags":[],"_links":{"self":[{"href":"https:\/\/www.thesignspeaking.com\/it\/wp-json\/wp\/v2\/posts\/5555"}],"collection":[{"href":"https:\/\/www.thesignspeaking.com\/it\/wp-json\/wp\/v2\/posts"}],"about":[{"href":"https:\/\/www.thesignspeaking.com\/it\/wp-json\/wp\/v2\/types\/post"}],"author":[{"embeddable":true,"href":"https:\/\/www.thesignspeaking.com\/it\/wp-json\/wp\/v2\/users\/3"}],"replies":[{"embeddable":true,"href":"https:\/\/www.thesignspeaking.com\/it\/wp-json\/wp\/v2\/comments?post=5555"}],"version-history":[{"count":0,"href":"https:\/\/www.thesignspeaking.com\/it\/wp-json\/wp\/v2\/posts\/5555\/revisions"}],"wp:attachment":[{"href":"https:\/\/www.thesignspeaking.com\/it\/wp-json\/wp\/v2\/media?parent=5555"}],"wp:term":[{"taxonomy":"category","embeddable":true,"href":"https:\/\/www.thesignspeaking.com\/it\/wp-json\/wp\/v2\/categories?post=5555"},{"taxonomy":"post_tag","embeddable":true,"href":"https:\/\/www.thesignspeaking.com\/it\/wp-json\/wp\/v2\/tags?post=5555"}],"curies":[{"name":"wp","href":"https:\/\/api.w.org\/{rel}","templated":true}]}}