{"id":5557,"date":"2014-05-09T19:54:54","date_gmt":"2014-05-09T17:54:54","guid":{"rendered":"http:\/\/www.thesignspeaking.com\/?p=5557"},"modified":"2018-06-06T12:42:04","modified_gmt":"2018-06-06T10:42:04","slug":"enfrom-coffee-to-furniture-gusto-caffe-collection","status":"publish","type":"post","link":"https:\/\/www.thesignspeaking.com\/it\/enfrom-coffee-to-furniture-gusto-caffe-collection\/","title":{"rendered":"FROM COFFEE TO FURNITURE: GUSTO CAFF\u00c9 COLLECTION"},"content":{"rendered":"<span class=\"cb-itemprop\" itemprop=\"reviewBody\"><p>Oltre il riuso, a volte le possibilit\u00e0 dei materiali si spingono in contesti davvero inaspettati. Come nel caso del brevetto esclusivo del designer spagnolo Raul Laur\u00ec e dell\u2019Art Designer Umberto Dattola, che hanno sperimentato un nuovo ed entusiasmante materiale ottenuto completamente da caff\u00e8 e agglomerati naturali, riciclando fondi di caff\u00e8 raccolti sia da bar o ristoranti che dal consumo privato. Hanno cos\u00ec ottenuto una materia resistente, piacevole al tatto e soprattutto lievemente profumata all\u2019aroma di caff\u00e8, creando con essa la collezione di mobili <i>Gusto Caff\u00e8<\/i>, in esposizione durante la Design Week al Designspeaking Temporary Store &#038; Caf\u00e9. Mixando l\u2019innovativo materiale al legno di rovere, prendono vita mobili contenitori con piccoli cassetti pensati apposta per contenere tutto quello che serve al consumo del caff\u00e8, tutti interamente realizzati a mano da Umberto Dattola. Un disegno in cui si enfatizza non solo la componente sociale del caff\u00e8, ma anche la sua storia: i listelli di legno che sorreggono i contenitori si intrecciano, evocando le zone di produzione della materia prima.<\/p>\n<\/span>","protected":false},"excerpt":{"rendered":"<p>Oltre il riuso, a volte le possibilit\u00e0 dei materiali si spingono in contesti davvero inaspettati. Come nel caso del brevetto esclusivo del designer spagnolo Raul Laur\u00ec e dell\u2019Art Designer Umberto Dattola, che hanno sperimentato un nuovo ed entusiasmante materiale ottenuto completamente da caff\u00e8 e agglomerati naturali, riciclando fondi di caff\u00e8 raccolti sia da bar o [&hellip;]<\/p>\n","protected":false},"author":3,"featured_media":0,"comment_status":"closed","ping_status":"open","sticky":false,"template":"","format":"standard","meta":[],"categories":[7,24],"tags":[],"_links":{"self":[{"href":"https:\/\/www.thesignspeaking.com\/it\/wp-json\/wp\/v2\/posts\/5557"}],"collection":[{"href":"https:\/\/www.thesignspeaking.com\/it\/wp-json\/wp\/v2\/posts"}],"about":[{"href":"https:\/\/www.thesignspeaking.com\/it\/wp-json\/wp\/v2\/types\/post"}],"author":[{"embeddable":true,"href":"https:\/\/www.thesignspeaking.com\/it\/wp-json\/wp\/v2\/users\/3"}],"replies":[{"embeddable":true,"href":"https:\/\/www.thesignspeaking.com\/it\/wp-json\/wp\/v2\/comments?post=5557"}],"version-history":[{"count":0,"href":"https:\/\/www.thesignspeaking.com\/it\/wp-json\/wp\/v2\/posts\/5557\/revisions"}],"wp:attachment":[{"href":"https:\/\/www.thesignspeaking.com\/it\/wp-json\/wp\/v2\/media?parent=5557"}],"wp:term":[{"taxonomy":"category","embeddable":true,"href":"https:\/\/www.thesignspeaking.com\/it\/wp-json\/wp\/v2\/categories?post=5557"},{"taxonomy":"post_tag","embeddable":true,"href":"https:\/\/www.thesignspeaking.com\/it\/wp-json\/wp\/v2\/tags?post=5557"}],"curies":[{"name":"wp","href":"https:\/\/api.w.org\/{rel}","templated":true}]}}