{"id":5595,"date":"2014-03-28T19:55:08","date_gmt":"2014-03-28T18:55:08","guid":{"rendered":"http:\/\/www.thesignspeaking.com\/?p=5595"},"modified":"2018-06-06T08:47:00","modified_gmt":"2018-06-06T06:47:00","slug":"ena-new-look-for-new-design-some-previews-of-milan-design-week","status":"publish","type":"post","link":"https:\/\/www.thesignspeaking.com\/it\/ena-new-look-for-new-design-some-previews-of-milan-design-week\/","title":{"rendered":"UN NUOVO LOOK PER UN NUOVO DESIGN. ALCUNE PREVISIONI ALLA MILAN DESIGN WEEK"},"content":{"rendered":"<span class=\"cb-itemprop\" itemprop=\"reviewBody\"><p>\u00c8 quasi arrivata la Settimana del Salone del Mobile di Milano, e il mondo della progettazione \u00e8 in fermento, pronto a presentare alla vetrina pi\u00f9 importante per addetti ai lavori e non, le anteprime delle nuove collezioni. Il trend \u00e8 generalmente lineare, pulito, ma improntato alla reinterpretazione, e alla riscoperta di vecchi codici da leggere in chiave diversa per creare qualcosa di assolutamente contemporaneo. Futura per esempio presenta la collezione <em>TChair<\/em> del designer giapponese Toshiyuki Kita: sedie e poltroncine comode e pratiche corredate da un piano rotabile a scomparsa estraibile, per appoggiare tutti quegli strumenti tecnologici che quotidianamente usiamo. Una nuova versione delle tipiche sedie da sala conferenza, con un design elegante e versatile che le rende adatte anche ad altri tipi di ambiente. Fiam, storica azienda italiana che da quarant\u2019anni opera nella produzione di complementi per l\u2019arredo in vetro, propone il tavolino <em>Butterfly<\/em>, nato all\u2019interno del progetto sperimentale \u201cRe-Made in Fiam\u201d, dal disegno di Nicola de Ponti. Riutilizzando gli sfridi del tavolo Ragno, storica icona di Fiam, De Ponti ha dato una seconda vita al vetro, in un nuovo oggetto d\u2019arredo, grazie alle virt\u00f9 di un materiale riciclabile all\u2019infinito. Nessun taglio e nessuno scarto, per un tavolino a forma di farfalla dal design essenziale ma d\u2019effetto.<\/p>\n<\/span>","protected":false},"excerpt":{"rendered":"<p>\u00c8 quasi arrivata la Settimana del Salone del Mobile di Milano, e il mondo della progettazione \u00e8 in fermento, pronto a presentare alla vetrina pi\u00f9 importante per addetti ai lavori e non, le anteprime delle nuove collezioni. Il trend \u00e8 generalmente lineare, pulito, ma improntato alla reinterpretazione, e alla riscoperta di vecchi codici da leggere [&hellip;]<\/p>\n","protected":false},"author":3,"featured_media":0,"comment_status":"closed","ping_status":"open","sticky":false,"template":"","format":"standard","meta":[],"categories":[7],"tags":[],"_links":{"self":[{"href":"https:\/\/www.thesignspeaking.com\/it\/wp-json\/wp\/v2\/posts\/5595"}],"collection":[{"href":"https:\/\/www.thesignspeaking.com\/it\/wp-json\/wp\/v2\/posts"}],"about":[{"href":"https:\/\/www.thesignspeaking.com\/it\/wp-json\/wp\/v2\/types\/post"}],"author":[{"embeddable":true,"href":"https:\/\/www.thesignspeaking.com\/it\/wp-json\/wp\/v2\/users\/3"}],"replies":[{"embeddable":true,"href":"https:\/\/www.thesignspeaking.com\/it\/wp-json\/wp\/v2\/comments?post=5595"}],"version-history":[{"count":0,"href":"https:\/\/www.thesignspeaking.com\/it\/wp-json\/wp\/v2\/posts\/5595\/revisions"}],"wp:attachment":[{"href":"https:\/\/www.thesignspeaking.com\/it\/wp-json\/wp\/v2\/media?parent=5595"}],"wp:term":[{"taxonomy":"category","embeddable":true,"href":"https:\/\/www.thesignspeaking.com\/it\/wp-json\/wp\/v2\/categories?post=5595"},{"taxonomy":"post_tag","embeddable":true,"href":"https:\/\/www.thesignspeaking.com\/it\/wp-json\/wp\/v2\/tags?post=5595"}],"curies":[{"name":"wp","href":"https:\/\/api.w.org\/{rel}","templated":true}]}}