{"id":5627,"date":"2014-09-10T19:55:19","date_gmt":"2014-09-10T17:55:19","guid":{"rendered":"http:\/\/www.thesignspeaking.com\/?p=5627"},"modified":"2018-06-05T17:35:30","modified_gmt":"2018-06-05T15:35:30","slug":"entextile-vivant-textile-comes-to-life","status":"publish","type":"post","link":"https:\/\/www.thesignspeaking.com\/it\/entextile-vivant-textile-comes-to-life\/","title":{"rendered":"TEXTILE VIVANT. TEXTILE COMES TO LIFE"},"content":{"rendered":"<span class=\"cb-itemprop\" itemprop=\"reviewBody\"><p>Durante i giorni della settimana della moda milanese, \u00e8 stata sollevata da alcuni giornalisti la questione su come in Italia, a differenza di altri paesi che in egual modo traggono beneficio dal costume e dalla progettazione di moda, ci sia una notevole lacuna in campo espositivo: mostre che celebrino non solo i designer che hanno costruito la storia, ma anche che informino sulla tradizione e sulle evoluzioni del costume. \u00c8 esattamente qui che invece va ad agire un\u2019importante iniziativa, una mostra in scena alla Triennale di Milano dall\u201911 Settembre al 9 Novembre 2014. Si tratta di Textile Vivant, cura di Eleonora Fiorani, Giovanni Maria Conti, Maria Grazia Soldati e Barbara Del Curto, che decide di partire dall\u2019inizio pi\u00f9 basico di ci\u00f2 che costituisce la moda, e cio\u00e8 andando a informare e illuminare sul tessuto. Un percorso didattico che svolge il duplice compito di insegnare a chi non sa e di stupire chi \u00e8 gi\u00e0 del settore. Texile Vivant si pone come una guida nella scoperta e nell\u2019approfondimento tessile, lasciando che siano i tessuti stessi a parlare, accompagnati solo da grafiche intuitive e sintetiche mappe esplicative, per la costruzione di un percorso che entra in immediata empatia con il pubblico. Si analizzano qui l\u2019evoluzione storica del tessuto, la tassonomia e il ciclo produttivo, illustrando come esso pervade ogni aspetto del nostro vivere quotidiano e quanto poco ne sappiamo. Grandi strutture che presentano in scala iperbolica gli strumenti con cui si produce il tessuto meravigliano lo spettatore, mentre la collaborazione con importanti marchi mostra la ricerca continua nelle lavorazioni che consentono al tessuto di assumere propriet\u00e0 tecniche inaspettate, fino alla costruzione di opere d\u2019arte vere e proprie, che dal tessuto traggono ispirazione e sostanza.<\/p>\n<div id=\"attachment_9110\" style=\"width: 1010px\"  class=\"wp-caption alignnone\"><img decoding=\"async\" class=\"size-full wp-image-9110\" src=\"http:\/\/www.thesignspeaking.com\/wp-content\/uploads\/2014\/09\/textile-vivant.-textile-comes-to-life_designspeaking-1.jpg\" alt=\"\" width=\"1000\" height=\"585\" srcset=\"https:\/\/www.thesignspeaking.com\/wp-content\/uploads\/2014\/09\/textile-vivant.-textile-comes-to-life_designspeaking-1.jpg 1000w, https:\/\/www.thesignspeaking.com\/wp-content\/uploads\/2014\/09\/textile-vivant.-textile-comes-to-life_designspeaking-1-300x176.jpg 300w, https:\/\/www.thesignspeaking.com\/wp-content\/uploads\/2014\/09\/textile-vivant.-textile-comes-to-life_designspeaking-1-768x449.jpg 768w\" sizes=\"(max-width: 1000px) 100vw, 1000px\" \/><p class=\"wp-caption-text\">Milano, Triennale, 10 settembre 2014<br \/>Mostra &#8220;Textile Vivant&#8221;, a cura di Maria Grazia Soldati, Giovanni Maria Conti, Barbara Del Curto, Eleonora Fiorani.<br \/>Un panorama delle innovazioni e degli aspetti pi\u00f9 interessanti della ricerca scientifica in ambito tessile in epoca moderna e contemporanea.<br \/>Conferenza stampa, anteprima e inaugurazione.<br \/>foto e \u00a9 di Matteo Bergamini\/LabFoto DESIGN<br \/>(LabFoto DESIGN, Laboratorio di fotografia del Dipartimento DESIGN, Politecnico di Milano \u2013 tel. 02-23997805 -labfoto@polimi.it)<\/p><\/div>\n<div id=\"attachment_9111\" style=\"width: 749px\"  class=\"wp-caption alignnone\"><img decoding=\"async\" class=\"size-large wp-image-9111\" src=\"http:\/\/www.thesignspeaking.com\/wp-content\/uploads\/2014\/09\/textile-vivant.-textile-comes-to-life_designspeaking-2-739x1024.jpg\" alt=\"\" width=\"739\" height=\"1024\" srcset=\"https:\/\/www.thesignspeaking.com\/wp-content\/uploads\/2014\/09\/textile-vivant.-textile-comes-to-life_designspeaking-2-739x1024.jpg 739w, https:\/\/www.thesignspeaking.com\/wp-content\/uploads\/2014\/09\/textile-vivant.-textile-comes-to-life_designspeaking-2-217x300.jpg 217w, https:\/\/www.thesignspeaking.com\/wp-content\/uploads\/2014\/09\/textile-vivant.-textile-comes-to-life_designspeaking-2-768x1064.jpg 768w, https:\/\/www.thesignspeaking.com\/wp-content\/uploads\/2014\/09\/textile-vivant.-textile-comes-to-life_designspeaking-2.jpg 1000w\" sizes=\"(max-width: 739px) 100vw, 739px\" \/><p class=\"wp-caption-text\">Milano, Triennale, 10 settembre 2014<br \/>Mostra &#8220;Textile Vivant&#8221;, a cura di Maria Grazia Soldati, Giovanni Maria Conti, Barbara Del Curto, Eleonora Fiorani.<br \/>Un panorama delle innovazioni e degli aspetti pi\u00f9 interessanti della ricerca scientifica in ambito tessile in epoca moderna e contemporanea.<br \/>Conferenza stampa, anteprima e inaugurazione.<br \/>foto e \u00a9 di Matteo Bergamini\/LabFoto DESIGN<br \/>(LabFoto DESIGN, Laboratorio di fotografia del Dipartimento DESIGN, Politecnico di Milano \u2013 tel. 02-23997805 -labfoto@polimi.it)<\/p><\/div>\n<div id=\"attachment_9112\" style=\"width: 750px\"  class=\"wp-caption alignnone\"><img decoding=\"async\" class=\"size-large wp-image-9112\" src=\"http:\/\/www.thesignspeaking.com\/wp-content\/uploads\/2014\/09\/textile-vivant.-textile-comes-to-life_designspeaking-3-740x1024.jpg\" alt=\"\" width=\"740\" height=\"1024\" srcset=\"https:\/\/www.thesignspeaking.com\/wp-content\/uploads\/2014\/09\/textile-vivant.-textile-comes-to-life_designspeaking-3-740x1024.jpg 740w, https:\/\/www.thesignspeaking.com\/wp-content\/uploads\/2014\/09\/textile-vivant.-textile-comes-to-life_designspeaking-3-217x300.jpg 217w, https:\/\/www.thesignspeaking.com\/wp-content\/uploads\/2014\/09\/textile-vivant.-textile-comes-to-life_designspeaking-3-768x1063.jpg 768w, https:\/\/www.thesignspeaking.com\/wp-content\/uploads\/2014\/09\/textile-vivant.-textile-comes-to-life_designspeaking-3.jpg 1000w\" sizes=\"(max-width: 740px) 100vw, 740px\" \/><p class=\"wp-caption-text\">Milano, Triennale, 10 settembre 2014<br \/>Mostra &#8220;Textile Vivant&#8221;, a cura di Maria Grazia Soldati, Giovanni Maria Conti, Barbara Del Curto, Eleonora Fiorani.<br \/>Un panorama delle innovazioni e degli aspetti pi\u00f9 interessanti della ricerca scientifica in ambito tessile in epoca moderna e contemporanea.<br \/>Conferenza stampa, anteprima e inaugurazione.<br \/>foto e \u00a9 di Matteo Bergamini\/LabFoto DESIGN<br \/>(LabFoto DESIGN, Laboratorio di fotografia del Dipartimento DESIGN, Politecnico di Milano \u2013 tel. 02-23997805 -labfoto@polimi.it)<\/p><\/div>\n<div id=\"attachment_9113\" style=\"width: 1010px\"  class=\"wp-caption alignnone\"><img decoding=\"async\" class=\"size-full wp-image-9113\" src=\"http:\/\/www.thesignspeaking.com\/wp-content\/uploads\/2014\/09\/textile-vivant.-textile-comes-to-life_designspeaking-4.jpg\" alt=\"\" width=\"1000\" height=\"589\" srcset=\"https:\/\/www.thesignspeaking.com\/wp-content\/uploads\/2014\/09\/textile-vivant.-textile-comes-to-life_designspeaking-4.jpg 1000w, https:\/\/www.thesignspeaking.com\/wp-content\/uploads\/2014\/09\/textile-vivant.-textile-comes-to-life_designspeaking-4-300x177.jpg 300w, https:\/\/www.thesignspeaking.com\/wp-content\/uploads\/2014\/09\/textile-vivant.-textile-comes-to-life_designspeaking-4-768x452.jpg 768w\" sizes=\"(max-width: 1000px) 100vw, 1000px\" \/><p class=\"wp-caption-text\">Milano, Triennale, 10 settembre 2014<br \/>Mostra &#8220;Textile Vivant&#8221;, a cura di Maria Grazia Soldati, Giovanni Maria Conti, Barbara Del Curto, Eleonora Fiorani.<br \/>Un panorama delle innovazioni e degli aspetti pi\u00f9 interessanti della ricerca scientifica in ambito tessile in epoca moderna e contemporanea.<br \/>Conferenza stampa, anteprima e inaugurazione.<br \/>foto e \u00a9 di Matteo Bergamini\/LabFoto DESIGN<br \/>(LabFoto DESIGN, Laboratorio di fotografia del Dipartimento DESIGN, Politecnico di Milano \u2013 tel. 02-23997805 -labfoto@polimi.it)<\/p><\/div>\n<div id=\"attachment_9114\" style=\"width: 1003px\"  class=\"wp-caption alignnone\"><img decoding=\"async\" class=\"size-full wp-image-9114\" src=\"http:\/\/www.thesignspeaking.com\/wp-content\/uploads\/2014\/09\/textile-vivant.-textile-comes-to-life_designspeaking-5.jpg\" alt=\"\" width=\"993\" height=\"588\" srcset=\"https:\/\/www.thesignspeaking.com\/wp-content\/uploads\/2014\/09\/textile-vivant.-textile-comes-to-life_designspeaking-5.jpg 993w, https:\/\/www.thesignspeaking.com\/wp-content\/uploads\/2014\/09\/textile-vivant.-textile-comes-to-life_designspeaking-5-300x178.jpg 300w, https:\/\/www.thesignspeaking.com\/wp-content\/uploads\/2014\/09\/textile-vivant.-textile-comes-to-life_designspeaking-5-768x455.jpg 768w\" sizes=\"(max-width: 993px) 100vw, 993px\" \/><p class=\"wp-caption-text\">Milano, Triennale, 10 settembre 2014<br \/>Mostra &#8220;Textile Vivant&#8221;, a cura di Maria Grazia Soldati, Giovanni Maria Conti, Barbara Del Curto, Eleonora Fiorani.<br \/>Un panorama delle innovazioni e degli aspetti pi\u00f9 interessanti della ricerca scientifica in ambito tessile in epoca moderna e contemporanea.<br \/>Conferenza stampa, anteprima e inaugurazione.<br \/>foto e \u00a9 di Matteo Bergamini\/LabFoto DESIGN<br \/>(LabFoto DESIGN, Laboratorio di fotografia del Dipartimento DESIGN, Politecnico di Milano \u2013 tel. 02-23997805 -labfoto@polimi.it)<\/p><\/div>\n<div id=\"attachment_9115\" style=\"width: 1010px\"  class=\"wp-caption alignnone\"><img decoding=\"async\" class=\"size-full wp-image-9115\" src=\"http:\/\/www.thesignspeaking.com\/wp-content\/uploads\/2014\/09\/textile-vivant.-textile-comes-to-life_designspeaking-6.jpg\" alt=\"\" width=\"1000\" height=\"590\" srcset=\"https:\/\/www.thesignspeaking.com\/wp-content\/uploads\/2014\/09\/textile-vivant.-textile-comes-to-life_designspeaking-6.jpg 1000w, https:\/\/www.thesignspeaking.com\/wp-content\/uploads\/2014\/09\/textile-vivant.-textile-comes-to-life_designspeaking-6-300x177.jpg 300w, https:\/\/www.thesignspeaking.com\/wp-content\/uploads\/2014\/09\/textile-vivant.-textile-comes-to-life_designspeaking-6-768x453.jpg 768w\" sizes=\"(max-width: 1000px) 100vw, 1000px\" \/><p class=\"wp-caption-text\">Milano, Triennale, 10 settembre 2014<br \/>Mostra &#8220;Textile Vivant&#8221;, a cura di Maria Grazia Soldati, Giovanni Maria Conti, Barbara Del Curto, Eleonora Fiorani.<br \/>Un panorama delle innovazioni e degli aspetti pi\u00f9 interessanti della ricerca scientifica in ambito tessile in epoca moderna e contemporanea.<br \/>Conferenza stampa, anteprima e inaugurazione.<br \/>foto e \u00a9 di Matteo Bergamini\/LabFoto DESIGN<br \/>(LabFoto DESIGN, Laboratorio di fotografia del Dipartimento DESIGN, Politecnico di Milano \u2013 tel. 02-23997805 -labfoto@polimi.it)<\/p><\/div>\n<div id=\"attachment_9116\" style=\"width: 750px\"  class=\"wp-caption alignnone\"><img decoding=\"async\" class=\"size-large wp-image-9116\" src=\"http:\/\/www.thesignspeaking.com\/wp-content\/uploads\/2014\/09\/textile-vivant.-textile-comes-to-life_designspeaking-7-740x1024.jpg\" alt=\"\" width=\"740\" height=\"1024\" srcset=\"https:\/\/www.thesignspeaking.com\/wp-content\/uploads\/2014\/09\/textile-vivant.-textile-comes-to-life_designspeaking-7-740x1024.jpg 740w, https:\/\/www.thesignspeaking.com\/wp-content\/uploads\/2014\/09\/textile-vivant.-textile-comes-to-life_designspeaking-7-217x300.jpg 217w, https:\/\/www.thesignspeaking.com\/wp-content\/uploads\/2014\/09\/textile-vivant.-textile-comes-to-life_designspeaking-7-768x1063.jpg 768w, https:\/\/www.thesignspeaking.com\/wp-content\/uploads\/2014\/09\/textile-vivant.-textile-comes-to-life_designspeaking-7.jpg 1000w\" sizes=\"(max-width: 740px) 100vw, 740px\" \/><p class=\"wp-caption-text\">Milano, Triennale, 10 settembre 2014<br \/>Mostra &#8220;Textile Vivant&#8221;, a cura di Maria Grazia Soldati, Giovanni Maria Conti, Barbara Del Curto, Eleonora Fiorani.<br \/>Un panorama delle innovazioni e degli aspetti pi\u00f9 interessanti della ricerca scientifica in ambito tessile in epoca moderna e contemporanea.<br \/>Conferenza stampa, anteprima e inaugurazione.<br \/>foto e \u00a9 di Matteo Bergamini\/LabFoto DESIGN<br \/>(LabFoto DESIGN, Laboratorio di fotografia del Dipartimento DESIGN, Politecnico di Milano \u2013 tel. 02-23997805 -labfoto@polimi.it)<\/p><\/div>\n<div id=\"attachment_9117\" style=\"width: 1010px\"  class=\"wp-caption alignnone\"><img decoding=\"async\" class=\"size-full wp-image-9117\" src=\"http:\/\/www.thesignspeaking.com\/wp-content\/uploads\/2014\/09\/textile-vivant.-textile-comes-to-life_designspeaking-8.jpg\" alt=\"\" width=\"1000\" height=\"587\" srcset=\"https:\/\/www.thesignspeaking.com\/wp-content\/uploads\/2014\/09\/textile-vivant.-textile-comes-to-life_designspeaking-8.jpg 1000w, https:\/\/www.thesignspeaking.com\/wp-content\/uploads\/2014\/09\/textile-vivant.-textile-comes-to-life_designspeaking-8-300x176.jpg 300w, https:\/\/www.thesignspeaking.com\/wp-content\/uploads\/2014\/09\/textile-vivant.-textile-comes-to-life_designspeaking-8-768x451.jpg 768w\" sizes=\"(max-width: 1000px) 100vw, 1000px\" \/><p class=\"wp-caption-text\">Milano, Triennale, 10 settembre 2014<br \/>Mostra &#8220;Textile Vivant&#8221;, a cura di Maria Grazia Soldati, Giovanni Maria Conti, Barbara Del Curto, Eleonora Fiorani.<br \/>Un panorama delle innovazioni e degli aspetti pi\u00f9 interessanti della ricerca scientifica in ambito tessile in epoca moderna e contemporanea.<br \/>Conferenza stampa, anteprima e inaugurazione.<br \/>foto e \u00a9 di Matteo Bergamini\/LabFoto DESIGN<br \/>(LabFoto DESIGN, Laboratorio di fotografia del Dipartimento DESIGN, Politecnico di Milano \u2013 tel. 02-23997805 -labfoto@polimi.it)<\/p><\/div>\n<p><img decoding=\"async\" class=\"alignnone size-full wp-image-9118\" src=\"http:\/\/www.thesignspeaking.com\/wp-content\/uploads\/2014\/09\/textile-vivant.-textile-comes-to-life_designspeaking-9.jpg\" alt=\"\" width=\"1000\" height=\"666\" srcset=\"https:\/\/www.thesignspeaking.com\/wp-content\/uploads\/2014\/09\/textile-vivant.-textile-comes-to-life_designspeaking-9.jpg 1000w, https:\/\/www.thesignspeaking.com\/wp-content\/uploads\/2014\/09\/textile-vivant.-textile-comes-to-life_designspeaking-9-300x200.jpg 300w, https:\/\/www.thesignspeaking.com\/wp-content\/uploads\/2014\/09\/textile-vivant.-textile-comes-to-life_designspeaking-9-768x511.jpg 768w, https:\/\/www.thesignspeaking.com\/wp-content\/uploads\/2014\/09\/textile-vivant.-textile-comes-to-life_designspeaking-9-360x240.jpg 360w\" sizes=\"(max-width: 1000px) 100vw, 1000px\" \/> <img decoding=\"async\" class=\"alignnone size-full wp-image-9119\" src=\"http:\/\/www.thesignspeaking.com\/wp-content\/uploads\/2014\/09\/textile-vivant.-textile-comes-to-life_designspeaking-10.jpg\" alt=\"\" width=\"1000\" height=\"666\" srcset=\"https:\/\/www.thesignspeaking.com\/wp-content\/uploads\/2014\/09\/textile-vivant.-textile-comes-to-life_designspeaking-10.jpg 1000w, https:\/\/www.thesignspeaking.com\/wp-content\/uploads\/2014\/09\/textile-vivant.-textile-comes-to-life_designspeaking-10-300x200.jpg 300w, https:\/\/www.thesignspeaking.com\/wp-content\/uploads\/2014\/09\/textile-vivant.-textile-comes-to-life_designspeaking-10-768x511.jpg 768w, https:\/\/www.thesignspeaking.com\/wp-content\/uploads\/2014\/09\/textile-vivant.-textile-comes-to-life_designspeaking-10-360x240.jpg 360w\" sizes=\"(max-width: 1000px) 100vw, 1000px\" \/><\/p>\n<div id=\"attachment_9120\" style=\"width: 1010px\"  class=\"wp-caption alignnone\"><img decoding=\"async\" class=\"size-full wp-image-9120\" src=\"http:\/\/www.thesignspeaking.com\/wp-content\/uploads\/2014\/09\/textile-vivant.-textile-comes-to-life_designspeaking.jpg\" alt=\"\" width=\"1000\" height=\"588\" srcset=\"https:\/\/www.thesignspeaking.com\/wp-content\/uploads\/2014\/09\/textile-vivant.-textile-comes-to-life_designspeaking.jpg 1000w, https:\/\/www.thesignspeaking.com\/wp-content\/uploads\/2014\/09\/textile-vivant.-textile-comes-to-life_designspeaking-300x176.jpg 300w, https:\/\/www.thesignspeaking.com\/wp-content\/uploads\/2014\/09\/textile-vivant.-textile-comes-to-life_designspeaking-768x452.jpg 768w\" sizes=\"(max-width: 1000px) 100vw, 1000px\" \/><p class=\"wp-caption-text\">Milano, Triennale, 10 settembre 2014<br \/>Mostra &#8220;Textile Vivant&#8221;, a cura di Maria Grazia Soldati, Giovanni Maria Conti, Barbara Del Curto, Eleonora Fiorani.<br \/>Un panorama delle innovazioni e degli aspetti pi\u00f9 interessanti della ricerca scientifica in ambito tessile in epoca moderna e contemporanea.<br \/>Conferenza stampa, anteprima e inaugurazione.<br \/>foto e \u00a9 di Matteo Bergamini\/LabFoto DESIGN<br \/>(LabFoto DESIGN, Laboratorio di fotografia del Dipartimento DESIGN, Politecnico di Milano \u2013 tel. 02-23997805 -labfoto@polimi.it)<\/p><\/div>\n<\/span>","protected":false},"excerpt":{"rendered":"<p>Durante i giorni della settimana della moda milanese, \u00e8 stata sollevata da alcuni giornalisti la questione su come in Italia, a differenza di altri paesi che in egual modo traggono beneficio dal costume e dalla progettazione di moda, ci sia una notevole lacuna in campo espositivo: mostre che celebrino non solo i designer che hanno [&hellip;]<\/p>\n","protected":false},"author":3,"featured_media":9110,"comment_status":"closed","ping_status":"open","sticky":false,"template":"","format":"standard","meta":[],"categories":[11],"tags":[],"_links":{"self":[{"href":"https:\/\/www.thesignspeaking.com\/it\/wp-json\/wp\/v2\/posts\/5627"}],"collection":[{"href":"https:\/\/www.thesignspeaking.com\/it\/wp-json\/wp\/v2\/posts"}],"about":[{"href":"https:\/\/www.thesignspeaking.com\/it\/wp-json\/wp\/v2\/types\/post"}],"author":[{"embeddable":true,"href":"https:\/\/www.thesignspeaking.com\/it\/wp-json\/wp\/v2\/users\/3"}],"replies":[{"embeddable":true,"href":"https:\/\/www.thesignspeaking.com\/it\/wp-json\/wp\/v2\/comments?post=5627"}],"version-history":[{"count":0,"href":"https:\/\/www.thesignspeaking.com\/it\/wp-json\/wp\/v2\/posts\/5627\/revisions"}],"wp:featuredmedia":[{"embeddable":true,"href":"https:\/\/www.thesignspeaking.com\/it\/wp-json\/wp\/v2\/media\/9110"}],"wp:attachment":[{"href":"https:\/\/www.thesignspeaking.com\/it\/wp-json\/wp\/v2\/media?parent=5627"}],"wp:term":[{"taxonomy":"category","embeddable":true,"href":"https:\/\/www.thesignspeaking.com\/it\/wp-json\/wp\/v2\/categories?post=5627"},{"taxonomy":"post_tag","embeddable":true,"href":"https:\/\/www.thesignspeaking.com\/it\/wp-json\/wp\/v2\/tags?post=5627"}],"curies":[{"name":"wp","href":"https:\/\/api.w.org\/{rel}","templated":true}]}}