{"id":7576,"date":"2018-05-31T12:57:53","date_gmt":"2018-05-31T10:57:53","guid":{"rendered":"http:\/\/www.thesignspeaking.com\/it\/?p=7576"},"modified":"2018-06-01T19:29:31","modified_gmt":"2018-06-01T17:29:31","slug":"auto-draft-2","status":"publish","type":"post","link":"https:\/\/www.thesignspeaking.com\/it\/auto-draft-2\/","title":{"rendered":"The top 10 events of the Barcelona Design Week you cannot miss out"},"content":{"rendered":"<span class=\"cb-itemprop\" itemprop=\"reviewBody\"><p>Marted\u00ec prossimo, la 13a edizione della\u00a0<strong><a href=\"https:\/\/www.barcelonadesignweek.com\/en\/\">Barcelona Design Week \u00a0<\/a><\/strong>aprir\u00e0 le sue porte con un programma che comprende oltre 130 mostre, workshop, installazioni, mercati, presentazioni, inaugurazioni, conferenze, documentari, conferenze e feste, oltre ad altre attivit\u00e0. Raccomandiamo alcune delle attivit\u00e0 pi\u00f9 importanti.<\/p>\n<p>La settimana apre con un ospite molto speciale: Humberto Campana, che insieme al fratello Fernando, ha dato vita senza dubbio ad uno degli studi di design internazionali pi\u00f9 riconoscibili e prestigiosi. Parler\u00e0 del modo di intendere il design dello studio <strong><a href=\"http:\/\/campanas.com.br\/en\">Campana<\/a><\/strong> attraverso le sue opere, in cui emerge sempre l&#8217;idea di trasformazione e reinvenzione, che \u00e8 proprio il tema centrale dell&#8217;edizione di quest&#8217;anno, la &#8216;rivalutazione&#8217;. Humberto Campana sar\u00e0 presentato dalla giornalista e curatrice Ana Dom\u00ednguez Siemens.<img decoding=\"async\" class=\"size-full wp-image-7593 aligncenter\" src=\"http:\/\/www.thesignspeaking.com\/wp-content\/uploads\/2018\/05\/39116ef2-e2c8-4c98-9d2d-060258a8e4f7.jpg\" alt=\"\" width=\"800\" height=\"450\" srcset=\"https:\/\/www.thesignspeaking.com\/wp-content\/uploads\/2018\/05\/39116ef2-e2c8-4c98-9d2d-060258a8e4f7.jpg 800w, https:\/\/www.thesignspeaking.com\/wp-content\/uploads\/2018\/05\/39116ef2-e2c8-4c98-9d2d-060258a8e4f7-300x169.jpg 300w, https:\/\/www.thesignspeaking.com\/wp-content\/uploads\/2018\/05\/39116ef2-e2c8-4c98-9d2d-060258a8e4f7-768x432.jpg 768w\" sizes=\"(max-width: 800px) 100vw, 800px\" \/><\/p>\n<p>In coincidenza con la giornata inaugurale il 5 giugno, sempre al Disseny Hub, aprono anche la mostra &#8220;Il miglior design dell&#8217;anno&#8221;, uno degli appuntamenti pi\u00f9 attesi della settimana: un campione con 500 pezzi dei vincitori e finalisti dei diversi premi assegnati nelle diverse discipline creative dal <strong><a href=\"http:\/\/www.fad.cat\/\">FAD<\/a><\/strong> e &#8220;FONDAMENTI: una passeggiata per interrogarci&#8221;, uno spazio che, per mano di BCD, invita a ripensare la societ\u00e0 oggi per portarla ad un modello pi\u00f9 sostenibile basato sulla critica e la coscienza collettiva. Finalmente, a partire dal 9 giugno, sar\u00e0 anche aperta al pubblico &#8220;Design o lavoro&#8221;, organizzata dal Barcelona Design Museum e che include le trasformazioni del design grafico dal 1980 al 2003.<img decoding=\"async\" class=\"size-full wp-image-7592 aligncenter\" src=\"http:\/\/www.thesignspeaking.com\/wp-content\/uploads\/2018\/05\/8cabcba8-6d20-4c00-9188-12cebcc655fd.jpg\" alt=\"\" width=\"800\" height=\"450\" srcset=\"https:\/\/www.thesignspeaking.com\/wp-content\/uploads\/2018\/05\/8cabcba8-6d20-4c00-9188-12cebcc655fd.jpg 800w, https:\/\/www.thesignspeaking.com\/wp-content\/uploads\/2018\/05\/8cabcba8-6d20-4c00-9188-12cebcc655fd-300x169.jpg 300w, https:\/\/www.thesignspeaking.com\/wp-content\/uploads\/2018\/05\/8cabcba8-6d20-4c00-9188-12cebcc655fd-768x432.jpg 768w\" sizes=\"(max-width: 800px) 100vw, 800px\" \/><\/p>\n<p>Un punto di incontro indispensabile tra il settore imprenditoriale e il design per condividere le conoscenze e farsi ispirare da esperti e professionisti di vari settori che parteciperanno a due conferenze e un workshop organizzato da BCD. In linea con il tema del BDW18, &#8216;Rivalorizzare&#8217;, abbiamo scelto due degli Obiettivi di Sviluppo Sostenibile delle Nazioni Unite dell\u2019Agenda 2030 come argomenti principali di dibattito e riflessione: da un lato, promuovere il consumo e la produzione responsabile, dall&#8217;altro, costruire citt\u00e0 e comunit\u00e0 pi\u00f9 inclusive, sicure, resilienti e sostenibili.<img decoding=\"async\" class=\"size-full wp-image-7585 aligncenter\" src=\"http:\/\/www.thesignspeaking.com\/wp-content\/uploads\/2018\/05\/d6b4daf2-55ce-4074-8336-8bee10c629b7.jpg\" alt=\"\" width=\"800\" height=\"450\" srcset=\"https:\/\/www.thesignspeaking.com\/wp-content\/uploads\/2018\/05\/d6b4daf2-55ce-4074-8336-8bee10c629b7.jpg 800w, https:\/\/www.thesignspeaking.com\/wp-content\/uploads\/2018\/05\/d6b4daf2-55ce-4074-8336-8bee10c629b7-300x169.jpg 300w, https:\/\/www.thesignspeaking.com\/wp-content\/uploads\/2018\/05\/d6b4daf2-55ce-4074-8336-8bee10c629b7-768x432.jpg 768w\" sizes=\"(max-width: 800px) 100vw, 800px\" \/><\/p>\n<p>Durante la Settimana del Design di Barcellona, i premi delle associazioni <strong><a href=\"http:\/\/www.fad.cat\/\">FAD<\/a><\/strong> saranno presentati nelle diverse discipline creative: il 6 giugno, i <a href=\"https:\/\/translate.googleusercontent.com\/translate_c?depth=1&#038;langpair=auto%7Cit&#038;rurl=translate.google.com&#038;sp=nmt4&#038;u=https:\/\/www.barcelonadesignweek.com\/activitats\/lliurament-premis-moda-fad\/&#038;xid=17259,15700022,15700124,15700149,15700168,15700173,15700186,15700190,15700201,15700205&#038;usg=ALkJrhiiBI-gKtDraC10FIpq_Sr9hvNQWA\">premi FASHION<\/a>\u00a0per le proposte pi\u00f9 importanti dell&#8217;anno della moda; il 7 giugno, il <a href=\"https:\/\/translate.googleusercontent.com\/translate_c?depth=1&#038;langpair=auto%7Cit&#038;rurl=translate.google.com&#038;sp=nmt4&#038;u=https:\/\/www.barcelonadesignweek.com\/activitats\/lliurament-i-festa-premis-fad-arquitectura\/&#038;xid=17259,15700022,15700124,15700149,15700168,15700173,15700186,15700190,15700201,15700205&#038;usg=ALkJrhiBtaV09IrhUpeU60__yfL6jCK-cQ\">FAD Architecture and Interior Design Awards<\/a>, in occasione del suo 60\u00b0 anniversario; l&#8217;8 giugno, i <a href=\"https:\/\/translate.googleusercontent.com\/translate_c?depth=1&#038;langpair=auto%7Cit&#038;rurl=translate.google.com&#038;sp=nmt4&#038;u=https:\/\/www.barcelonadesignweek.com\/activitats\/nit-adg-laus\/&#038;xid=17259,15700022,15700124,15700149,15700168,15700173,15700186,15700190,15700201,15700205&#038;usg=ALkJrhj2qXB0WE60jcKgpBiHvgRgUPQJgw\">premi ADG Laus<\/a> Visual Communication; il 12 giugno, i <a href=\"https:\/\/translate.googleusercontent.com\/translate_c?depth=1&#038;langpair=auto%7Cit&#038;rurl=translate.google.com&#038;sp=nmt4&#038;u=https:\/\/www.barcelonadesignweek.com\/activitats\/lliurament-dels-premis-artsfad\/&#038;xid=17259,15700022,15700124,15700149,15700168,15700173,15700186,15700190,15700201,15700205&#038;usg=ALkJrhhCLCSfFRELm8YmeuLOIHW7nwDHMw\">premi ArtsFAD vengono assegnati<\/a> alla creazione artistica e, infine, il 14 giugno, il BDW sar\u00e0 chiuso con i <a href=\"https:\/\/translate.googleusercontent.com\/translate_c?depth=1&#038;langpair=auto%7Cit&#038;rurl=translate.google.com&#038;sp=nmt4&#038;u=https:\/\/www.barcelonadesignweek.com\/activitats\/lliurament-i-festa-dels-premis-adi\/&#038;xid=17259,15700022,15700124,15700149,15700168,15700173,15700186,15700190,15700201,15700205&#038;usg=ALkJrhiLJAwh99Y4NxAy4M1rz7OHSSvslg\">premi ADI<\/a> per il design industriale e la cultura del design.<img decoding=\"async\" class=\"size-full wp-image-7584 aligncenter\" src=\"http:\/\/www.thesignspeaking.com\/wp-content\/uploads\/2018\/05\/c73bc058-3cef-4ba7-869c-e1d2331d3a18.jpg\" alt=\"\" width=\"800\" height=\"450\" srcset=\"https:\/\/www.thesignspeaking.com\/wp-content\/uploads\/2018\/05\/c73bc058-3cef-4ba7-869c-e1d2331d3a18.jpg 800w, https:\/\/www.thesignspeaking.com\/wp-content\/uploads\/2018\/05\/c73bc058-3cef-4ba7-869c-e1d2331d3a18-300x169.jpg 300w, https:\/\/www.thesignspeaking.com\/wp-content\/uploads\/2018\/05\/c73bc058-3cef-4ba7-869c-e1d2331d3a18-768x432.jpg 768w\" sizes=\"(max-width: 800px) 100vw, 800px\" \/><\/p>\n<p>Il FAD ritorna con un nuovo &#8220;General Essay&#8221;, l&#8217;attivit\u00e0 che, attraverso il design, affronta ogni anno un tema di interesse sociale. La riflessione sui legami emotivi che le persone hanno nei confronti delle cose nell&#8217;attuale societ\u00e0 dei consumi si concentrer\u00e0 su due attivit\u00e0 principali: un <a href=\"https:\/\/translate.googleusercontent.com\/translate_c?depth=1&#038;langpair=auto%7Cit&#038;rurl=translate.google.com&#038;sp=nmt4&#038;u=https:\/\/www.barcelonadesignweek.com\/activitats\/assaig-general-jornada-previa\/&#038;xid=17259,15700022,15700124,15700149,15700168,15700173,15700186,15700190,15700201,15700205&#038;usg=ALkJrhhcN5lG0gqeh-st8xR891TJt0gwYA\">prologo al saggio<\/a> con una sessione di conferenze il 7 giugno e <a href=\"https:\/\/translate.googleusercontent.com\/translate_c?depth=1&#038;langpair=auto%7Cit&#038;rurl=translate.google.com&#038;sp=nmt4&#038;u=https:\/\/www.barcelonadesignweek.com\/activitats\/assaig-general-18-la-rebellio-dels-objectes\/&#038;xid=17259,15700022,15700124,15700149,15700168,15700173,15700186,15700190,15700201,15700205&#038;usg=ALkJrhhNnYtmSqCxo_DPJSiDcmgwnmrU1g\">&#8220;La ribellione degli oggetti&#8221;<\/a> ovvero uno spettacolo di equitazione, una natura morta di oggetti e una mostra pubblica, all&#8217;Hangar il 9 giugno.<img decoding=\"async\" class=\"size-full wp-image-7583 aligncenter\" src=\"http:\/\/www.thesignspeaking.com\/wp-content\/uploads\/2018\/05\/849a3b38-7d33-4e22-ab43-ba06198e1252.jpg\" alt=\"\" width=\"800\" height=\"450\" srcset=\"https:\/\/www.thesignspeaking.com\/wp-content\/uploads\/2018\/05\/849a3b38-7d33-4e22-ab43-ba06198e1252.jpg 800w, https:\/\/www.thesignspeaking.com\/wp-content\/uploads\/2018\/05\/849a3b38-7d33-4e22-ab43-ba06198e1252-300x169.jpg 300w, https:\/\/www.thesignspeaking.com\/wp-content\/uploads\/2018\/05\/849a3b38-7d33-4e22-ab43-ba06198e1252-768x432.jpg 768w\" sizes=\"(max-width: 800px) 100vw, 800px\" \/><\/p>\n<p>Dal 5 al 9 giugno, nell&#8217;ambito dell\u2019Assaig General, l&#8217;artista e designer sperimentale Mau Morg\u00f3 crea <a href=\"https:\/\/translate.googleusercontent.com\/translate_c?depth=1&#038;langpair=auto%7Cit&#038;rurl=translate.google.com&#038;sp=nmt4&#038;u=https:\/\/www.barcelonadesignweek.com\/activitats\/nou-paisatge-domestic-bcn-2018-installacio-de-mau-morgo\/&#038;xid=17259,15700022,15700124,15700149,15700168,15700173,15700186,15700190,15700201,15700205&#038;usg=ALkJrhiwZu9_M675a-ROq3hhrHnhHbgIeA\">l&#8217;installazione<\/a> \u201cNuovo paesaggio domestico. BCN: 2018\u201d in Pla\u00e7a Universitat per invitarci a riflettere sui nostri legami con la tecnologia e una delle sue conseguenze, la generazione di rifiuti: &#8220;<em>Per ripensare all&#8217;esperienza domestica del futuro, abbiamo progettato un luogo che progredisce nel tempo, dove gli scarti della tecnologia e i rifiuti elettronici si trovano con le strutture archetipe che stiamo costruendo da migliaia di anni.<\/em> <em>Questi rifiuti sono ormai cos\u00ec accessibili che inizieremo a costruire con la tecnologia per fuggire dalla tecnologia<\/em>&#8220;.<img decoding=\"async\" class=\"size-full wp-image-7582 aligncenter\" src=\"http:\/\/www.thesignspeaking.com\/wp-content\/uploads\/2018\/05\/751b2049-7b3d-43fd-b727-d7cd8401bcb6.jpg\" alt=\"\" width=\"800\" height=\"450\" srcset=\"https:\/\/www.thesignspeaking.com\/wp-content\/uploads\/2018\/05\/751b2049-7b3d-43fd-b727-d7cd8401bcb6.jpg 800w, https:\/\/www.thesignspeaking.com\/wp-content\/uploads\/2018\/05\/751b2049-7b3d-43fd-b727-d7cd8401bcb6-300x169.jpg 300w, https:\/\/www.thesignspeaking.com\/wp-content\/uploads\/2018\/05\/751b2049-7b3d-43fd-b727-d7cd8401bcb6-768x432.jpg 768w\" sizes=\"(max-width: 800px) 100vw, 800px\" \/><\/p>\n<p>Il Disseny Hub di Barcellona sar\u00e0 la sede il 10 giugno della prima edizione di\u00a0<a href=\"https:\/\/translate.googleusercontent.com\/translate_c?depth=1&#038;langpair=auto%7Cit&#038;rurl=translate.google.com&#038;sp=nmt4&#038;u=https:\/\/www.barcelonadesignweek.com\/activitats\/sant-antoni-distrito-diseno\/&#038;xid=17259,15700022,15700124,15700149,15700168,15700173,15700186,15700190,15700201,15700205&#038;usg=ALkJrhiU6kLMhple6mxfFTjBueuTp48cGQ\">Tastadisseny<\/a>, una giornata di design e gastronomia, due mondi strettamente correlati con un mercato, degustazioni, laboratori, spettacoli e altre attivit\u00e0 che ruotano intorno al riutilizzo del cibo e alle nuove tendenze in questo campo. Tra questi, l\u2019installazione &#8220;RR201&#8221; creata da Andreu Carulla per il Celler de Can Roca e il suo ambizioso progetto di creare, attraverso il design, un ristorante senza sprechi.<img decoding=\"async\" class=\"size-full wp-image-7581 aligncenter\" src=\"http:\/\/www.thesignspeaking.com\/wp-content\/uploads\/2018\/05\/9ab142a6-d701-4791-8573-f06aa8c008be.jpg\" alt=\"\" width=\"800\" height=\"450\" srcset=\"https:\/\/www.thesignspeaking.com\/wp-content\/uploads\/2018\/05\/9ab142a6-d701-4791-8573-f06aa8c008be.jpg 800w, https:\/\/www.thesignspeaking.com\/wp-content\/uploads\/2018\/05\/9ab142a6-d701-4791-8573-f06aa8c008be-300x169.jpg 300w, https:\/\/www.thesignspeaking.com\/wp-content\/uploads\/2018\/05\/9ab142a6-d701-4791-8573-f06aa8c008be-768x432.jpg 768w\" sizes=\"(max-width: 800px) 100vw, 800px\" \/><\/p>\n<p>La BDW&#8217;18 si estende in tutta la citt\u00e0, con particolare rilievo in due quartieri che si distinguono per il potenziale creativo. Sabato 9 giugno, nel <strong><a href=\"http:\/\/www.poblenouurbandistrict.com\/\">Poblenou Design District<\/a><\/strong> si tiene al mattino la proiezione di una selezione di film del <a href=\"https:\/\/translate.googleusercontent.com\/translate_c?depth=1&#038;langpair=auto%7Cit&#038;rurl=translate.google.com&#038;sp=nmt4&#038;u=https:\/\/www.eventbrite.es\/e\/entradas-milano-design-film-festival-a-la-barcelona-design-week-2018-46307058659&#038;xid=17259,15700022,15700124,15700149,15700168,15700173,15700186,15700190,15700201,15700205&#038;usg=ALkJrhh3ZK8Dw6tit_YLEN_AVy1Yuy6v7g\"><strong>Milano Design Film Festival<\/strong><\/a>; a Palo Alto il <a href=\"https:\/\/translate.googleusercontent.com\/translate_c?depth=1&#038;langpair=auto%7Cit&#038;rurl=translate.google.com&#038;sp=nmt4&#038;u=https:\/\/www.barcelonadesignweek.com\/activitats\/pavello-internacional\/&#038;xid=17259,15700022,15700124,15700149,15700168,15700173,15700186,15700190,15700201,15700205&#038;usg=ALkJrhgwUr6JHrmX-XJidRRcTdBa48a-FA\">\u201cPadiglione Internazionale: l&#8217;Italia<\/a>\u201d ospiter\u00e0 le mostre &#8220;Ferri Taglienti&#8221; e &#8220;Grado Zero&#8221; e la presentazione <a href=\"https:\/\/translate.googleusercontent.com\/translate_c?depth=1&#038;langpair=auto%7Cit&#038;rurl=translate.google.com&#038;sp=nmt4&#038;u=https:\/\/www.barcelonadesignweek.com\/activitats\/poblenou-distrito-diseno\/&#038;xid=17259,15700022,15700124,15700149,15700168,15700173,15700186,15700190,15700201,15700205&#038;usg=ALkJrhgroPxdylBHs3whiF2DX4keQxUGTA\">dell&#8217;installazione &#8220;\u00c0gora urbana&#8221;<\/a> intorno al camino della vecchia fabbrica Can Saladrigas, un omaggio a uno degli elementi pi\u00f9 caratteristici del patrimonio architettonico del quartiere. L&#8217;11 giugno, invece, nel <a href=\"https:\/\/translate.googleusercontent.com\/translate_c?depth=1&#038;langpair=auto%7Cit&#038;rurl=translate.google.com&#038;sp=nmt4&#038;u=https:\/\/www.barcelonadesignweek.com\/activitats\/gracia-distrito-diseno\/&#038;xid=17259,15700022,15700124,15700149,15700168,15700173,15700186,15700190,15700201,15700205&#038;usg=ALkJrhh8B5WNaSS1BLIOKnUMme9SuAfxMg\">distretto<\/a> di <strong><a href=\"https:\/\/translate.googleusercontent.com\/translate_c?depth=1&#038;langpair=auto%7Cit&#038;rurl=translate.google.com&#038;sp=nmt4&#038;u=https:\/\/www.barcelonadesignweek.com\/activitats\/gracia-distrito-diseno\/&#038;xid=17259,15700022,15700124,15700149,15700168,15700173,15700186,15700190,15700201,15700205&#038;usg=ALkJrhh8B5WNaSS1BLIOKnUMme9SuAfxMg\">Gr\u00e0cia Disseny<\/a><\/strong>, tra le altre attivit\u00e0, si apriranno le porte di alcuni dei pi\u00f9 importanti studi di architettura e design di Barcellona.<img decoding=\"async\" class=\"size-full wp-image-7580 aligncenter\" src=\"http:\/\/www.thesignspeaking.com\/wp-content\/uploads\/2018\/05\/4b85509a-9785-43a6-b2e0-396303659ae3.jpg\" alt=\"\" width=\"800\" height=\"450\" srcset=\"https:\/\/www.thesignspeaking.com\/wp-content\/uploads\/2018\/05\/4b85509a-9785-43a6-b2e0-396303659ae3.jpg 800w, https:\/\/www.thesignspeaking.com\/wp-content\/uploads\/2018\/05\/4b85509a-9785-43a6-b2e0-396303659ae3-300x169.jpg 300w, https:\/\/www.thesignspeaking.com\/wp-content\/uploads\/2018\/05\/4b85509a-9785-43a6-b2e0-396303659ae3-768x432.jpg 768w\" sizes=\"(max-width: 800px) 100vw, 800px\" \/><\/p>\n<p>Il 13 giugno al Disseny Hub un nuovo evento, \u201c<a href=\"https:\/\/translate.googleusercontent.com\/translate_c?depth=1&#038;langpair=auto%7Cit&#038;rurl=translate.google.com&#038;sp=nmt4&#038;u=https:\/\/www.barcelonadesignweek.com\/activitats\/latent-dia-del-talent\/&#038;xid=17259,15700022,15700124,15700149,15700168,15700173,15700186,15700190,15700201,15700205&#038;usg=ALkJrhhrWsOVpNlUY_pTv4dg6P6gw9J4Gg\">Latente.<\/a> <a href=\"https:\/\/translate.googleusercontent.com\/translate_c?depth=1&#038;langpair=auto%7Cit&#038;rurl=translate.google.com&#038;sp=nmt4&#038;u=https:\/\/www.barcelonadesignweek.com\/activitats\/latent-dia-del-talent\/&#038;xid=17259,15700022,15700124,15700149,15700168,15700173,15700186,15700190,15700201,15700205&#038;usg=ALkJrhhrWsOVpNlUY_pTv4dg6P6gw9J4Gg\">Talent&#8217;s Day<\/a>\u201d, un&#8217;intera giornata di workshop e spazi di domanda e offerta che riunisce aziende in cerca di talenti e scuole che promuovono giovani che hanno molto da offrire.<img decoding=\"async\" class=\"size-full wp-image-7578 aligncenter\" src=\"http:\/\/www.thesignspeaking.com\/wp-content\/uploads\/2018\/05\/8b95f4cc-4e36-4254-b094-bd7059b1d049.jpg\" alt=\"\" width=\"800\" height=\"450\" srcset=\"https:\/\/www.thesignspeaking.com\/wp-content\/uploads\/2018\/05\/8b95f4cc-4e36-4254-b094-bd7059b1d049.jpg 800w, https:\/\/www.thesignspeaking.com\/wp-content\/uploads\/2018\/05\/8b95f4cc-4e36-4254-b094-bd7059b1d049-300x169.jpg 300w, https:\/\/www.thesignspeaking.com\/wp-content\/uploads\/2018\/05\/8b95f4cc-4e36-4254-b094-bd7059b1d049-768x432.jpg 768w\" sizes=\"(max-width: 800px) 100vw, 800px\" \/>Nell&#8217;ambito della Barcelona Design Week, il Museo del Design organizza una nuova edizione di\u00a0<a href=\"https:\/\/translate.googleusercontent.com\/translate_c?depth=1&#038;langpair=auto%7Cit&#038;rurl=translate.google.com&#038;sp=nmt4&#038;u=https:\/\/www.barcelonadesignweek.com\/activitats\/disseny-en-familia\/&#038;xid=17259,15700022,15700124,15700149,15700168,15700173,15700186,15700190,15700201,15700205&#038;usg=ALkJrhgiSXGE5yyP9JrsRa0T5gecjo5c_w\">&#8220;Design in Family&#8221;<\/a>. Il 9 e 10 giugno ininterrottamente dalle 11 alle 18 sono in programma attivit\u00e0 rivolte a famiglie con bambini fino a 12 anni, un invito a partecipare a una giornata divertente in cui si combinano giochi e workshop da condividere, nonch\u00e9 mostre rivolte a tutti i pubblici.<img decoding=\"async\" class=\"size-full wp-image-7579 aligncenter\" src=\"http:\/\/www.thesignspeaking.com\/wp-content\/uploads\/2018\/05\/7ee6cac6-fd91-4e0e-86e0-7335ddb84afd.jpg\" alt=\"\" width=\"800\" height=\"450\" srcset=\"https:\/\/www.thesignspeaking.com\/wp-content\/uploads\/2018\/05\/7ee6cac6-fd91-4e0e-86e0-7335ddb84afd.jpg 800w, https:\/\/www.thesignspeaking.com\/wp-content\/uploads\/2018\/05\/7ee6cac6-fd91-4e0e-86e0-7335ddb84afd-300x169.jpg 300w, https:\/\/www.thesignspeaking.com\/wp-content\/uploads\/2018\/05\/7ee6cac6-fd91-4e0e-86e0-7335ddb84afd-768x432.jpg 768w\" sizes=\"(max-width: 800px) 100vw, 800px\" \/><\/p>\n<\/span>","protected":false},"excerpt":{"rendered":"<p>Marted\u00ec prossimo, la 13a edizione della\u00a0Barcelona Design Week \u00a0aprir\u00e0 le sue porte con un programma che comprende oltre 130 mostre, workshop, installazioni, mercati, presentazioni, inaugurazioni, conferenze, documentari, conferenze e feste, oltre ad altre attivit\u00e0. Raccomandiamo alcune delle attivit\u00e0 pi\u00f9 importanti. La settimana apre con un ospite molto speciale: Humberto Campana, che insieme al fratello Fernando, [&hellip;]<\/p>\n","protected":false},"author":3,"featured_media":7583,"comment_status":"open","ping_status":"open","sticky":false,"template":"","format":"standard","meta":[],"categories":[11,24],"tags":[27],"_links":{"self":[{"href":"https:\/\/www.thesignspeaking.com\/it\/wp-json\/wp\/v2\/posts\/7576"}],"collection":[{"href":"https:\/\/www.thesignspeaking.com\/it\/wp-json\/wp\/v2\/posts"}],"about":[{"href":"https:\/\/www.thesignspeaking.com\/it\/wp-json\/wp\/v2\/types\/post"}],"author":[{"embeddable":true,"href":"https:\/\/www.thesignspeaking.com\/it\/wp-json\/wp\/v2\/users\/3"}],"replies":[{"embeddable":true,"href":"https:\/\/www.thesignspeaking.com\/it\/wp-json\/wp\/v2\/comments?post=7576"}],"version-history":[{"count":0,"href":"https:\/\/www.thesignspeaking.com\/it\/wp-json\/wp\/v2\/posts\/7576\/revisions"}],"wp:featuredmedia":[{"embeddable":true,"href":"https:\/\/www.thesignspeaking.com\/it\/wp-json\/wp\/v2\/media\/7583"}],"wp:attachment":[{"href":"https:\/\/www.thesignspeaking.com\/it\/wp-json\/wp\/v2\/media?parent=7576"}],"wp:term":[{"taxonomy":"category","embeddable":true,"href":"https:\/\/www.thesignspeaking.com\/it\/wp-json\/wp\/v2\/categories?post=7576"},{"taxonomy":"post_tag","embeddable":true,"href":"https:\/\/www.thesignspeaking.com\/it\/wp-json\/wp\/v2\/tags?post=7576"}],"curies":[{"name":"wp","href":"https:\/\/api.w.org\/{rel}","templated":true}]}}