{"id":8392,"date":"2018-06-03T20:33:35","date_gmt":"2018-06-03T18:33:35","guid":{"rendered":"http:\/\/www.thesignspeaking.com\/?p=8392"},"modified":"2018-06-03T20:47:53","modified_gmt":"2018-06-03T18:47:53","slug":"3daysofdesign-greatest-design-ideas-from-denmark","status":"publish","type":"post","link":"https:\/\/www.thesignspeaking.com\/it\/3daysofdesign-greatest-design-ideas-from-denmark\/","title":{"rendered":"3daysofdesign, greatest design ideas from Denmark"},"content":{"rendered":"<span class=\"cb-itemprop\" itemprop=\"reviewBody\"><p>Un&#8217;anteprima delle tendenze prossime all\u2019orizzonte. <strong><a href=\"http:\/\/3daysofdesign.dk\/\">3daysofdesign<\/a><\/strong>, l&#8217;ultimo evento annuale dedicato al design in Danimarca si \u00e8 svolto dal 24 al 26 maggio. Un momento esclusivo aperto al pubblico, che attrae da tutto il mondo giornalisti, blogger, buyer e appassionati di design a Copenhagen per vedere l&#8217;ultimo e pi\u00f9 grande design idee dalla Danimarca &#8211; considerata una nazione dal design all&#8217;avanguardia culla di nuovi concetti nell&#8217;ambito dello stile di vita, dell&#8217;illuminazione, dell&#8217;arredamento e dell&#8217;interior design.<img decoding=\"async\" class=\"size-large wp-image-8398 aligncenter\" src=\"http:\/\/www.thesignspeaking.com\/wp-content\/uploads\/2018\/06\/Louisiana06-1024x683.jpg\" alt=\"\" width=\"1024\" height=\"683\" srcset=\"https:\/\/www.thesignspeaking.com\/wp-content\/uploads\/2018\/06\/Louisiana06-1024x683.jpg 1024w, https:\/\/www.thesignspeaking.com\/wp-content\/uploads\/2018\/06\/Louisiana06-300x200.jpg 300w, https:\/\/www.thesignspeaking.com\/wp-content\/uploads\/2018\/06\/Louisiana06-768x512.jpg 768w, https:\/\/www.thesignspeaking.com\/wp-content\/uploads\/2018\/06\/Louisiana06-360x240.jpg 360w\" sizes=\"(max-width: 1024px) 100vw, 1024px\" \/>Showroom, mostre pop-up e laboratori creativi, nuove aperture di negozi di design e installazioni esclusive in bellissime dimore storiche. La possibilit\u00e0 di scoprire nuove idee, parlare personalmente con designer e produttori, ottenere informazioni dettagliate sul loro processo creativo. E vedere molti novit\u00e0 esposte per la prima volta.<img decoding=\"async\" class=\"size-large wp-image-8399 aligncenter\" src=\"http:\/\/www.thesignspeaking.com\/wp-content\/uploads\/2018\/06\/Brdr.Kru\u0308ger10-1024x683.jpg\" alt=\"\" width=\"1024\" height=\"683\" srcset=\"https:\/\/www.thesignspeaking.com\/wp-content\/uploads\/2018\/06\/Brdr.Kru\u0308ger10-1024x683.jpg 1024w, https:\/\/www.thesignspeaking.com\/wp-content\/uploads\/2018\/06\/Brdr.Kru\u0308ger10-300x200.jpg 300w, https:\/\/www.thesignspeaking.com\/wp-content\/uploads\/2018\/06\/Brdr.Kru\u0308ger10-768x512.jpg 768w, https:\/\/www.thesignspeaking.com\/wp-content\/uploads\/2018\/06\/Brdr.Kru\u0308ger10-360x240.jpg 360w\" sizes=\"(max-width: 1024px) 100vw, 1024px\" \/>&#8220;<em>A differenza delle fiere, 3daysofdesign \u00e8 un&#8217;esperienza elegante e coinvolgente, dove trovare il pi\u00f9 raffinato di tutti i nomi pi\u00f9 conosciuti della scena del design danese<\/em>&#8220;, afferma l&#8217;amministratore delegato Signe Byrdal Terenziani. &#8220;<em>Il numero di marchi partecipanti quest&#8217;anno \u00e8 aumentato del 30%, con oltre 90 diverse aziende di design che hanno esposto il proprio lavoro<\/em>&#8220;.<\/p>\n<p>Di propriet\u00e0 di Anker &#038; Co., Erik J\u00f8rgensen, Kvadrat e Montana,\u00a03daysofdesign \u00e8 stato creato per promuovere a livello globale il design danese e Copenhagen come capitale internazionale del design.<\/p>\n<p style=\"text-align: center;\"><img decoding=\"async\" class=\"alignnone size-large wp-image-8393\" src=\"http:\/\/www.thesignspeaking.com\/wp-content\/uploads\/2018\/06\/SKAGERAK-2-1024x683.jpg\" alt=\"\" width=\"1024\" height=\"683\" srcset=\"https:\/\/www.thesignspeaking.com\/wp-content\/uploads\/2018\/06\/SKAGERAK-2-1024x683.jpg 1024w, https:\/\/www.thesignspeaking.com\/wp-content\/uploads\/2018\/06\/SKAGERAK-2-300x200.jpg 300w, https:\/\/www.thesignspeaking.com\/wp-content\/uploads\/2018\/06\/SKAGERAK-2-768x512.jpg 768w, https:\/\/www.thesignspeaking.com\/wp-content\/uploads\/2018\/06\/SKAGERAK-2-360x240.jpg 360w, https:\/\/www.thesignspeaking.com\/wp-content\/uploads\/2018\/06\/SKAGERAK-2.jpg 1200w\" sizes=\"(max-width: 1024px) 100vw, 1024px\" \/> SKAGERAK &#8211; photo by Filippo Bamberghi<\/p>\n<p style=\"text-align: center;\"><img decoding=\"async\" class=\"size-full wp-image-8394 aligncenter\" src=\"http:\/\/www.thesignspeaking.com\/wp-content\/uploads\/2018\/06\/Fredericia-Furniture.jpg\" alt=\"\" width=\"1200\" height=\"800\" srcset=\"https:\/\/www.thesignspeaking.com\/wp-content\/uploads\/2018\/06\/Fredericia-Furniture.jpg 1200w, https:\/\/www.thesignspeaking.com\/wp-content\/uploads\/2018\/06\/Fredericia-Furniture-300x200.jpg 300w, https:\/\/www.thesignspeaking.com\/wp-content\/uploads\/2018\/06\/Fredericia-Furniture-768x512.jpg 768w, https:\/\/www.thesignspeaking.com\/wp-content\/uploads\/2018\/06\/Fredericia-Furniture-1024x683.jpg 1024w, https:\/\/www.thesignspeaking.com\/wp-content\/uploads\/2018\/06\/Fredericia-Furniture-360x240.jpg 360w\" sizes=\"(max-width: 1200px) 100vw, 1200px\" \/>Fredericia Furniture &#8211; photo by Filippo Bamberghi<\/p>\n<p style=\"text-align: center;\"><img decoding=\"async\" class=\"size-large wp-image-8397 aligncenter\" src=\"http:\/\/www.thesignspeaking.com\/wp-content\/uploads\/2018\/06\/Tableau_x_Brd_Kruger_ARV_50-683x1024.jpg\" alt=\"\" width=\"683\" height=\"1024\" srcset=\"https:\/\/www.thesignspeaking.com\/wp-content\/uploads\/2018\/06\/Tableau_x_Brd_Kruger_ARV_50-683x1024.jpg 683w, https:\/\/www.thesignspeaking.com\/wp-content\/uploads\/2018\/06\/Tableau_x_Brd_Kruger_ARV_50-200x300.jpg 200w, https:\/\/www.thesignspeaking.com\/wp-content\/uploads\/2018\/06\/Tableau_x_Brd_Kruger_ARV_50-768x1151.jpg 768w, https:\/\/www.thesignspeaking.com\/wp-content\/uploads\/2018\/06\/Tableau_x_Brd_Kruger_ARV_50.jpg 834w\" sizes=\"(max-width: 683px) 100vw, 683px\" \/>photo by Michael Ryygard<\/p>\n<p style=\"text-align: center;\"><img decoding=\"async\" class=\"alignnone size-full wp-image-8395\" src=\"http:\/\/www.thesignspeaking.com\/wp-content\/uploads\/2018\/06\/Tableau_x_Brd_Kruger_Lune_lamps_50.jpg\" alt=\"\" width=\"834\" height=\"1250\" srcset=\"https:\/\/www.thesignspeaking.com\/wp-content\/uploads\/2018\/06\/Tableau_x_Brd_Kruger_Lune_lamps_50.jpg 834w, https:\/\/www.thesignspeaking.com\/wp-content\/uploads\/2018\/06\/Tableau_x_Brd_Kruger_Lune_lamps_50-200x300.jpg 200w, https:\/\/www.thesignspeaking.com\/wp-content\/uploads\/2018\/06\/Tableau_x_Brd_Kruger_Lune_lamps_50-768x1151.jpg 768w, https:\/\/www.thesignspeaking.com\/wp-content\/uploads\/2018\/06\/Tableau_x_Brd_Kruger_Lune_lamps_50-683x1024.jpg 683w\" sizes=\"(max-width: 834px) 100vw, 834px\" \/>photo by Michael Ryygard<\/p>\n<p style=\"text-align: center;\"><img decoding=\"async\" class=\"alignnone size-full wp-image-8396\" src=\"http:\/\/www.thesignspeaking.com\/wp-content\/uploads\/2018\/06\/Tableau_x_Brd_Kruger_Pauline_50.jpg\" alt=\"\" width=\"834\" height=\"1250\" srcset=\"https:\/\/www.thesignspeaking.com\/wp-content\/uploads\/2018\/06\/Tableau_x_Brd_Kruger_Pauline_50.jpg 834w, https:\/\/www.thesignspeaking.com\/wp-content\/uploads\/2018\/06\/Tableau_x_Brd_Kruger_Pauline_50-200x300.jpg 200w, https:\/\/www.thesignspeaking.com\/wp-content\/uploads\/2018\/06\/Tableau_x_Brd_Kruger_Pauline_50-768x1151.jpg 768w, https:\/\/www.thesignspeaking.com\/wp-content\/uploads\/2018\/06\/Tableau_x_Brd_Kruger_Pauline_50-683x1024.jpg 683w\" sizes=\"(max-width: 834px) 100vw, 834px\" \/>photo by Michael Ryygard<\/p>\n<p style=\"text-align: center;\"><img decoding=\"async\" class=\"alignnone size-large wp-image-8400\" src=\"http:\/\/www.thesignspeaking.com\/wp-content\/uploads\/2018\/06\/FritzHansen10-1024x683.jpg\" alt=\"\" width=\"1024\" height=\"683\" srcset=\"https:\/\/www.thesignspeaking.com\/wp-content\/uploads\/2018\/06\/FritzHansen10-1024x683.jpg 1024w, https:\/\/www.thesignspeaking.com\/wp-content\/uploads\/2018\/06\/FritzHansen10-300x200.jpg 300w, https:\/\/www.thesignspeaking.com\/wp-content\/uploads\/2018\/06\/FritzHansen10-768x512.jpg 768w, https:\/\/www.thesignspeaking.com\/wp-content\/uploads\/2018\/06\/FritzHansen10-360x240.jpg 360w\" sizes=\"(max-width: 1024px) 100vw, 1024px\" \/>Fritz Hansen &#8211; photo by Jacob Carlsen<\/p>\n<\/span>","protected":false},"excerpt":{"rendered":"<p>Un&#8217;anteprima delle tendenze prossime all\u2019orizzonte. 3daysofdesign, l&#8217;ultimo evento annuale dedicato al design in Danimarca si \u00e8 svolto dal 24 al 26 maggio. Un momento esclusivo aperto al pubblico, che attrae da tutto il mondo giornalisti, blogger, buyer e appassionati di design a Copenhagen per vedere l&#8217;ultimo e pi\u00f9 grande design idee dalla Danimarca &#8211; considerata [&hellip;]<\/p>\n","protected":false},"author":3,"featured_media":8406,"comment_status":"open","ping_status":"open","sticky":false,"template":"","format":"standard","meta":[],"categories":[11],"tags":[103],"_links":{"self":[{"href":"https:\/\/www.thesignspeaking.com\/it\/wp-json\/wp\/v2\/posts\/8392"}],"collection":[{"href":"https:\/\/www.thesignspeaking.com\/it\/wp-json\/wp\/v2\/posts"}],"about":[{"href":"https:\/\/www.thesignspeaking.com\/it\/wp-json\/wp\/v2\/types\/post"}],"author":[{"embeddable":true,"href":"https:\/\/www.thesignspeaking.com\/it\/wp-json\/wp\/v2\/users\/3"}],"replies":[{"embeddable":true,"href":"https:\/\/www.thesignspeaking.com\/it\/wp-json\/wp\/v2\/comments?post=8392"}],"version-history":[{"count":0,"href":"https:\/\/www.thesignspeaking.com\/it\/wp-json\/wp\/v2\/posts\/8392\/revisions"}],"wp:featuredmedia":[{"embeddable":true,"href":"https:\/\/www.thesignspeaking.com\/it\/wp-json\/wp\/v2\/media\/8406"}],"wp:attachment":[{"href":"https:\/\/www.thesignspeaking.com\/it\/wp-json\/wp\/v2\/media?parent=8392"}],"wp:term":[{"taxonomy":"category","embeddable":true,"href":"https:\/\/www.thesignspeaking.com\/it\/wp-json\/wp\/v2\/categories?post=8392"},{"taxonomy":"post_tag","embeddable":true,"href":"https:\/\/www.thesignspeaking.com\/it\/wp-json\/wp\/v2\/tags?post=8392"}],"curies":[{"name":"wp","href":"https:\/\/api.w.org\/{rel}","templated":true}]}}