{"id":8419,"date":"2018-04-23T22:39:20","date_gmt":"2018-04-23T20:39:20","guid":{"rendered":"http:\/\/www.thesignspeaking.com\/it\/?p=8419"},"modified":"2018-06-03T22:45:01","modified_gmt":"2018-06-03T20:45:01","slug":"beirut-design-week-2018-design-the-city","status":"publish","type":"post","link":"https:\/\/www.thesignspeaking.com\/it\/beirut-design-week-2018-design-the-city\/","title":{"rendered":"Beirut Design Week 2018, \u201cDesign &#038; the City\u201d"},"content":{"rendered":"<span class=\"cb-itemprop\" itemprop=\"reviewBody\"><p>Come possono i designer di tutto l&#8217;ampio spettro dell&#8217;industria creativa canalizzare idee e competenze per progettare oggetti, strumenti e strutture che affrontano punti ciechi, carenze e problemi all&#8217;interno dell&#8217;esperienza urbana? E in che modo possono collaborare con le altre figure coinvolte per affrontare sfide sistemiche e supplementari? La settima edizione della <strong><a href=\"http:\/\/beirutdesignweek.org\/\">Beirut Design Week<\/a><\/strong>, un&#8217;iniziativa dell&#8217;organizzazione no-profit MENA Design Research Center, si propone di rispondere a queste domande adottando un approccio partecipativo.<\/p>\n<p>I designer, insieme ad attivisti, scrittori, educatori, studenti, sono stati invitati a un Open House a febbraio per conoscere il nuovo tema &#8220;Design and the City: ____________&#8221; e le possibilit\u00e0 che apre al design per una nuova configurazione di socialit\u00e0 che soddisfi aspirazioni e percezioni del buon vivere delle persone, equa rappresentanza e inclusione sociale.<\/p>\n<p>Il pi\u00f9 grande festival di Medio Oriente e Nord Africa, che si tiene tra il 22 e il 29 giugno, \u00e8 nato per far conoscere il design in primis libanese, ma sta crescendo nell\u2019ottica di promuovere lo scambio creativo tra le comunit\u00e0 locali e quelle internazionali. Vengono esplorate tutte le diverse pratiche, architettura, arredamento, illuminazione, moda, tecnologia e graphic design. Il tema di questa edizione esorta i designer a trattare il design come un agente attivo del cambiamento sociale in quanto esprime bisogni, desideri e sogni degli abitanti delle citt\u00e0.<\/p>\n<p>I designer sono invitati a considerare la capacit\u00e0 di trasformazione che i loro progetti hanno in ogni aspetto della vita in citt\u00e0, dagli spazi pubblici al pi\u00f9 piccolo dettaglio all&#8217;interno di case, uffici e luoghi di ricreazione, e a immaginare come le loro idee possono contribuire al buon governo, all&#8217;inclusione sociale e alla giustizia ambientale.<\/p>\n<p>Ghassan Salameh, il nuovo direttore della Beirut Design Week, dice: \u201c<em>Crescere in una citt\u00e0 dalle grandi contraddizioni pu\u00f2 talvolta esporci a insicurezze che, se viste dalla lente delle opportunit\u00e0, possono aiutare i cambiamenti. <\/em><em>Prima Beirut esportava creativit\u00e0, poi la Design Week l\u2019ha saputa trasformare nel centro di attrazione per il design di tutta la regione, contribuendo cos\u00ec alla crescita del settore e alla creazione di una comunit\u00e0. Rispetto al passato oggi invece la sfida \u00e8 diversa. Poich\u00e9 il design sta cambiando e si sta trasformando in uno strumento pi\u00f9 accessibile e interdisciplinare, il nostro compito \u00e8 creare una piattaforma pi\u00f9 sostenibile che supporti questo cambiamento<\/em>\u201d.<\/p>\n<\/span>","protected":false},"excerpt":{"rendered":"<p>Come possono i designer di tutto l&#8217;ampio spettro dell&#8217;industria creativa canalizzare idee e competenze per progettare oggetti, strumenti e strutture che affrontano punti ciechi, carenze e problemi all&#8217;interno dell&#8217;esperienza urbana? E in che modo possono collaborare con le altre figure coinvolte per affrontare sfide sistemiche e supplementari? La settima edizione della Beirut Design Week, un&#8217;iniziativa [&hellip;]<\/p>\n","protected":false},"author":3,"featured_media":8420,"comment_status":"open","ping_status":"open","sticky":false,"template":"","format":"standard","meta":[],"categories":[11],"tags":[27,85,6,116,117],"_links":{"self":[{"href":"https:\/\/www.thesignspeaking.com\/it\/wp-json\/wp\/v2\/posts\/8419"}],"collection":[{"href":"https:\/\/www.thesignspeaking.com\/it\/wp-json\/wp\/v2\/posts"}],"about":[{"href":"https:\/\/www.thesignspeaking.com\/it\/wp-json\/wp\/v2\/types\/post"}],"author":[{"embeddable":true,"href":"https:\/\/www.thesignspeaking.com\/it\/wp-json\/wp\/v2\/users\/3"}],"replies":[{"embeddable":true,"href":"https:\/\/www.thesignspeaking.com\/it\/wp-json\/wp\/v2\/comments?post=8419"}],"version-history":[{"count":0,"href":"https:\/\/www.thesignspeaking.com\/it\/wp-json\/wp\/v2\/posts\/8419\/revisions"}],"wp:featuredmedia":[{"embeddable":true,"href":"https:\/\/www.thesignspeaking.com\/it\/wp-json\/wp\/v2\/media\/8420"}],"wp:attachment":[{"href":"https:\/\/www.thesignspeaking.com\/it\/wp-json\/wp\/v2\/media?parent=8419"}],"wp:term":[{"taxonomy":"category","embeddable":true,"href":"https:\/\/www.thesignspeaking.com\/it\/wp-json\/wp\/v2\/categories?post=8419"},{"taxonomy":"post_tag","embeddable":true,"href":"https:\/\/www.thesignspeaking.com\/it\/wp-json\/wp\/v2\/tags?post=8419"}],"curies":[{"name":"wp","href":"https:\/\/api.w.org\/{rel}","templated":true}]}}