{"id":918,"date":"2014-07-08T09:38:22","date_gmt":"2014-07-08T07:38:22","guid":{"rendered":"http:\/\/thesignspeaking.com\/2018\/02\/02\/design-a-new-taste-from-north-3\/"},"modified":"2018-06-05T18:54:53","modified_gmt":"2018-06-05T16:54:53","slug":"design-a-new-taste-from-north-3","status":"publish","type":"post","link":"https:\/\/www.thesignspeaking.com\/it\/design-a-new-taste-from-north-3\/","title":{"rendered":"DESIGN. A NEW TASTE FROM NORTH"},"content":{"rendered":"<span class=\"cb-itemprop\" itemprop=\"reviewBody\"><p>Noi Italiani conserviamo un gusto, che della creativit\u00e0 permea ogni ambito, legatissimo alla tradizione e a quell\u2019heritage a noi tanto caro. Tuttavia i tempi cambiano, e la crisi economica oltre alle ovvie problematiche, ha portato con s\u00e9 anche dei lati positivi: primo fra tutti l\u2019apertura verso l\u2019essenziale, un nuovo gusto in cui il decoro e l\u2019ostentazione sono concetti ormai superati, in favore dell\u2019effettiva usabilit\u00e0, funzionalit\u00e0 e di un look in cui la forma non \u00e8 contaminata da accessori inutili. \u00c8 per questo che, lo abbiamo visto bene al Salone del Mobile quest\u2019anno, ci siamo innamorati del design dei nostri colleghi del Nord Europa. Un\u2019estetica nuovissima proposta da giovani designer, tutti under 30, che poco ha a che vedere con il minimalismo, in quanto non si tratta di togliere tutto ad ogni costo. Ci\u00f2 che serve c\u2019\u00e8 eccome, cos\u00ec come anche quel tocco personale che ci ricorda che con il mobile bisogna vivere e interagire, e dunque creare un rapporto affettivo. Cos\u00ec una panca dalla minima struttura, grazie al semplice spostamento dei cuscini, impilabili in diverse configurazioni, assume aspetti e usi diversi, in uno scambio reciproco con chi vi si siede. Il materiale d\u2019elezione \u00e8 ovviamente il legno, che oltre alle sue qualit\u00e0 estetiche porta con s\u00e9 anche il fondamentale aspetto dell\u2019interazione tattile: cos\u00ec si costruiscono sedie all\u2019apparenza semplici, ma che nel dettaglio nascondono un minuzioso studio angolare, per un effetto finale armonico ma discreto. Non manca l\u2019interpretazione di forme archetipe, che grazie a una semplice curvatura, come nei pioli di una scala, mantengono la loro funzione ma cambiano radicalmente la percezione che abbiamo di esse. Oggetti di sempre sui quali si riflette, immaginando usi inaspettati: specchi semisferici vengono placcati con rame, cromo e nichel, trasformandosi da semplici superfici in oggetti riflettenti. E per chi ancora pensa che il design nordico sia tutto bianco, il colore svolge invece un ruolo da protagonista: cambia con la luce degli ambienti, regolabile grazie alle infinite possibilit\u00e0 di movimento di una lampada a clip, adattabile a ogni superficie, o addirittura diventa oggetto di studio, in un contenitore di appunti che riproduce, ruotando il coperchio, una scala cromatica.<\/p>\n<p class=\"ch-description\" style=\"padding: 0 !important; font-family: 'Dosis',sans-serif; color: #aaa; font-size: 12px; line-height: 16px;\"><img decoding=\"async\" src=\"http:\/\/thesignspeaking.com\/wp-content\/uploads\/2018\/02\/circus-.bjorn-van-den-berg-designspeakingjpg.jpg\" \/> <img decoding=\"async\" src=\"http:\/\/thesignspeaking.com\/wp-content\/uploads\/2018\/02\/a-bench-aust-and-amelung-designspeaking-.png\" \/><\/p>\n<p><img decoding=\"async\" src=\"http:\/\/thesignspeaking.com\/wp-content\/uploads\/2018\/02\/a-bench-aust-and-amelung-designspeaking-1.png\" \/><\/p>\n<p><img decoding=\"async\" src=\"http:\/\/thesignspeaking.com\/wp-content\/uploads\/2018\/02\/stackable-chair-anton-bjoersing-designspeaking.jpg\" \/><\/p>\n<p><img decoding=\"async\" src=\"http:\/\/thesignspeaking.com\/wp-content\/uploads\/2018\/02\/part-goat-charlie-styrbjoern-nilsson-designspeaking.jpg\" \/><\/p>\n<p><img decoding=\"async\" src=\"http:\/\/thesignspeaking.com\/wp-content\/uploads\/2018\/02\/lamp-avandi-designspeaking.png\" \/><\/p>\n<p><img decoding=\"async\" src=\"http:\/\/thesignspeaking.com\/wp-content\/uploads\/2018\/02\/ladder-charlie-styrbjoern-desingspeaking.jpg\" \/><\/p>\n<p><img decoding=\"async\" src=\"http:\/\/thesignspeaking.com\/wp-content\/uploads\/2018\/02\/ladder-charlie-styrbjoern-desingspeaking-1.jpg\" \/><\/p>\n<p><img decoding=\"async\" src=\"http:\/\/thesignspeaking.com\/wp-content\/uploads\/2018\/02\/attach-bjorn-van-den-berg-designspeaking.jpg\" \/><\/p>\n<p><img decoding=\"async\" src=\"http:\/\/thesignspeaking.com\/wp-content\/uploads\/2018\/02\/aura-bjorn-van-den-berg-designspeaking.jpg\" \/><\/p>\n<\/span>","protected":false},"excerpt":{"rendered":"<p>Times change, and so do tastes, which open to new concepts of essentiality and functionality of Northern Europe design, without ever forgetting the bond with the object.<\/p>\n","protected":false},"author":3,"featured_media":2080,"comment_status":"open","ping_status":"open","sticky":false,"template":"","format":"standard","meta":[],"categories":[7,24],"tags":[6,12],"_links":{"self":[{"href":"https:\/\/www.thesignspeaking.com\/it\/wp-json\/wp\/v2\/posts\/918"}],"collection":[{"href":"https:\/\/www.thesignspeaking.com\/it\/wp-json\/wp\/v2\/posts"}],"about":[{"href":"https:\/\/www.thesignspeaking.com\/it\/wp-json\/wp\/v2\/types\/post"}],"author":[{"embeddable":true,"href":"https:\/\/www.thesignspeaking.com\/it\/wp-json\/wp\/v2\/users\/3"}],"replies":[{"embeddable":true,"href":"https:\/\/www.thesignspeaking.com\/it\/wp-json\/wp\/v2\/comments?post=918"}],"version-history":[{"count":0,"href":"https:\/\/www.thesignspeaking.com\/it\/wp-json\/wp\/v2\/posts\/918\/revisions"}],"wp:featuredmedia":[{"embeddable":true,"href":"https:\/\/www.thesignspeaking.com\/it\/wp-json\/wp\/v2\/media\/2080"}],"wp:attachment":[{"href":"https:\/\/www.thesignspeaking.com\/it\/wp-json\/wp\/v2\/media?parent=918"}],"wp:term":[{"taxonomy":"category","embeddable":true,"href":"https:\/\/www.thesignspeaking.com\/it\/wp-json\/wp\/v2\/categories?post=918"},{"taxonomy":"post_tag","embeddable":true,"href":"https:\/\/www.thesignspeaking.com\/it\/wp-json\/wp\/v2\/tags?post=918"}],"curies":[{"name":"wp","href":"https:\/\/api.w.org\/{rel}","templated":true}]}}