{"id":922,"date":"2014-07-10T09:38:27","date_gmt":"2014-07-10T07:38:27","guid":{"rendered":"http:\/\/thesignspeaking.com\/2018\/02\/02\/effeffe-berlinetta-car-design-exclusively-handmade\/"},"modified":"2018-06-05T18:51:27","modified_gmt":"2018-06-05T16:51:27","slug":"effeffe-berlinetta-car-design-exclusively-handmade","status":"publish","type":"post","link":"https:\/\/www.thesignspeaking.com\/it\/effeffe-berlinetta-car-design-exclusively-handmade\/","title":{"rendered":"EFFEFFE BERLINETTA. CAR DESIGN EXCLUSIVELY HANDMADE"},"content":{"rendered":"<span class=\"cb-itemprop\" itemprop=\"reviewBody\"><p>Esce rombando dalle Officine Fratelli Frigerio il prototipo ufficiale delle Fuoriserie effeffe <i>Berlinetta<\/i>, arrivando giusto in tempo per la presentazione al Concorso d\u2019Eleganza a Villa d\u2019Este, la pi\u00f9 prestigiosa tra le manifestazioni di automobili d\u2019epoca dal 1929. Un\u2019auto realizzata completamente a mano, per la quale non sono state risparmiate le stesse tecniche e cure con cui gli artigiani costruivano le famose Gran Turismo alla fine degli anni 50, per un risultato dove il design parla un\u2019estetica decisamente sofisticata. Dal telaista, al motorista, al meccanico, artigiani ultra qualificati hanno contribuito alla creazione della Fuoriserie italiana. La carrozzeria, in alluminio, \u00e8 interamente battuta a mano, cos\u00ec come le griglie, le cornici di finitura, le maniglie delle porte e dei cofani. Per l\u2019abitacolo il lusso arriva al suo estremo grazie all\u2019apporto dei mastri sellai di Matteograssi, che hanno lavorato alla ricerca quasi maniacale della perfezione perseguendo eleganza, comfort ed esclusivit\u00e0, realizzando un prodotto in cui la personalizzazione \u00e8 un aspetto fondamentale: si pu\u00f2 scegliere tra innumerevoli accostamenti di colore, cos\u00ec come gradi di finitura delle cuciture a vista. Altro? S\u00ec, il set di valigie e la sacca da golf in cuoio personalizzate.<img decoding=\"async\" src=\"http:\/\/thesignspeaking.com\/wp-content\/uploads\/2018\/02\/effeffe-berlinetta.-car-design-exclusively-handmade-designspeaking.jpg\" \/> <img decoding=\"async\" src=\"http:\/\/thesignspeaking.com\/wp-content\/uploads\/2018\/02\/effeffe-berlinetta.-car-design-exclusively-handmade-designspeaking-2.jpg\" \/> <img decoding=\"async\" src=\"http:\/\/thesignspeaking.com\/wp-content\/uploads\/2018\/02\/effeffe-berlinetta.-car-design-exclusively-handmade-designspeaking-4.jpg\" \/> <img decoding=\"async\" src=\"http:\/\/thesignspeaking.com\/wp-content\/uploads\/2018\/02\/effeffe-berlinetta.-car-design-exclusively-handmade-designspeaking-5.jpg\" \/> <img decoding=\"async\" src=\"http:\/\/thesignspeaking.com\/wp-content\/uploads\/2018\/02\/effeffe-berlinetta.-car-design-exclusively-handmade-designspeaking-1.jpg\" \/> <img decoding=\"async\" src=\"http:\/\/thesignspeaking.com\/wp-content\/uploads\/2018\/02\/effeffe-berlinetta.-car-design-exclusively-handmade-designspeaking-6.jpg\" \/><\/p>\n<\/span>","protected":false},"excerpt":{"rendered":"<p>The realization of a hand-bulit prototype of the Fuoriserie effeffe Berlinetta, unveiled at Concorso d&#8217;eleganza at Villa d&#8217;Este for all vintage car design lovers.<\/p>\n","protected":false},"author":3,"featured_media":2100,"comment_status":"open","ping_status":"open","sticky":false,"template":"","format":"standard","meta":[],"categories":[13],"tags":[12],"_links":{"self":[{"href":"https:\/\/www.thesignspeaking.com\/it\/wp-json\/wp\/v2\/posts\/922"}],"collection":[{"href":"https:\/\/www.thesignspeaking.com\/it\/wp-json\/wp\/v2\/posts"}],"about":[{"href":"https:\/\/www.thesignspeaking.com\/it\/wp-json\/wp\/v2\/types\/post"}],"author":[{"embeddable":true,"href":"https:\/\/www.thesignspeaking.com\/it\/wp-json\/wp\/v2\/users\/3"}],"replies":[{"embeddable":true,"href":"https:\/\/www.thesignspeaking.com\/it\/wp-json\/wp\/v2\/comments?post=922"}],"version-history":[{"count":0,"href":"https:\/\/www.thesignspeaking.com\/it\/wp-json\/wp\/v2\/posts\/922\/revisions"}],"wp:featuredmedia":[{"embeddable":true,"href":"https:\/\/www.thesignspeaking.com\/it\/wp-json\/wp\/v2\/media\/2100"}],"wp:attachment":[{"href":"https:\/\/www.thesignspeaking.com\/it\/wp-json\/wp\/v2\/media?parent=922"}],"wp:term":[{"taxonomy":"category","embeddable":true,"href":"https:\/\/www.thesignspeaking.com\/it\/wp-json\/wp\/v2\/categories?post=922"},{"taxonomy":"post_tag","embeddable":true,"href":"https:\/\/www.thesignspeaking.com\/it\/wp-json\/wp\/v2\/tags?post=922"}],"curies":[{"name":"wp","href":"https:\/\/api.w.org\/{rel}","templated":true}]}}